{"id":581,"date":"2013-06-08T14:16:40","date_gmt":"2013-06-08T14:16:40","guid":{"rendered":"https:\/\/amagep.co.za\/fr\/2013\/06\/08\/stella-bueli-franchit-un-cap-avec-son-premier-album\/"},"modified":"2013-06-08T14:16:40","modified_gmt":"2013-06-08T14:16:40","slug":"stella-bueli-franchit-un-cap-avec-son-premier-album","status":"publish","type":"post","link":"https:\/\/amagep.co.za\/fr\/stella-bueli-franchit-un-cap-avec-son-premier-album\/","title":{"rendered":"Stella Bueli franchit un cap avec son premier album"},"content":{"rendered":"<p><img loading=\"lazy\" class=\" size-full wp-image-580\" src=\"https:\/\/amagep.co.za\/fr\/wp-content\/uploads\/2013\/06\/stella_bueli.jpg\" border=\"0\" alt=\"Stella bueli\" width=\"500\" height=\"380\" \/><\/p>\n<p>Dans le tout premier album de la carri\u00e8re solo de Stella Bueli nouvellement entam\u00e9e, le titre \u00e9ponyme Moninga Malamu, Yesu, traduisez J\u00e9sus l\u2019Ami fid\u00e8le est celui qui accroche d\u2019embl\u00e9e. La chanteuse qui vit en Afrique du sud en a r\u00e9serv\u00e9 la primeur aux fid\u00e8les pr\u00e9sents au culte du dimanche 14 avril \u00e0 l\u2019Assembl\u00e9e de l\u2019\u00e9glise \u00ab Sanctuaire H\u00e9ritier des promesses \u00bb \u00e0 Johannesbourg. Les premiers exemplaires ont \u00e9t\u00e9 \u00e9coul\u00e9s \u00e0 cette occasion dans une ambiance de f\u00eate avec des officiants et des fid\u00e8les qui reprenaient en ch\u0153ur les chansons de l\u2019artiste.<\/p>\n<p>  <!--more-->  <\/p>\n<p>\u00a0<\/p>\n<p>Apr\u00e8s cette premi\u00e8re \u00e9tape \u00ab \u00e0 domicile \u00bb, la promotion va se poursuivre avec un concert le samedi 4 mai \u00e0 Sandton. Confort\u00e9e par le bon accueil re\u00e7u par l\u2019opus, Stella Bueli lance sa carri\u00e8re solo apr\u00e8s un passage remarqu\u00e9, il y a quelques ann\u00e9es, dans le groupe La Mano di Dio aux c\u00f4t\u00e9s de L\u2019Or Mbongo, une grande dame de la chanson chr\u00e9tienne dont elle restitue d\u2019ailleurs le timbre vocal \u00e0 la perfection dans cet album et dont elle reconna\u00eet suivre les traces de m\u00eame que celles de la Sr. Rebecca Malope.<\/p>\n<p>\u00ab Avant de rejoindre La Mano di Dio, les choses n\u2019ont pourtant pas \u00e9t\u00e9 faciles \u00bb, fait remarquer la chanteuse quand on lui demande d\u2019\u00e9voquer son parcours d\u00e9but\u00e9 dans une chorale : \u00ab En quittant la chorale, \u00e7a n\u2019a pas \u00e9t\u00e9 facile pour moi d\u2019int\u00e9grer un groupe. Ne ma\u00eetrisant pas l\u2019art du chant \u00e0 l\u2019\u00e9poque, les responsables de recrutement de ces orchestres trouvaient que je ne savais pas tr\u00e8s bien chanter et n\u2019avaient pas le temps pour la d\u00e9butante que j\u2019\u00e9tais&#8230;Mais, j\u2019\u00e9tais r\u00e9solue de suivre ma vocation et j\u2019avais pers\u00e9v\u00e9r\u00e9 \u00bb<\/p>\n<p>Issue d\u2019une famille chr\u00e9tienne, Stella Bueli a fait ses d\u00e9buts dans la chorale \u00ab Nzambe malamu \u00bb de Kinshasa \u00e0 l\u2019\u00e2ge de 5 ans avant d\u2019int\u00e9grer, \u00e0 15 ans, le groupe Assembl\u00e9e des Compagnons du Christ Vainqueur(ACCV) et, quelques ann\u00e9es plus tard, le groupe La Mano di Dio.<\/p>\n<p>\u00a0<\/p>\n<p>Source<\/p>\n<p>\u00a0<\/p>\n<p><a href=\"http:\/\/www.afriquechos.ch\/?p=4315\" title=\"www.afriquechos.ch\">AFRIQUECHOS.CH<\/a><\/p>\n<!-- AddThis Advanced Settings generic via filter on the_content --><!-- AddThis Share Buttons generic via filter on the_content -->","protected":false},"excerpt":{"rendered":"<p>Dans le tout premier album de la carri\u00e8re solo de Stella Bueli nouvellement entam\u00e9e, le&#8230;<!-- AddThis Advanced Settings generic via filter on get_the_excerpt --><!-- AddThis Share Buttons generic via filter on get_the_excerpt --><\/p>\n","protected":false},"author":1,"featured_media":580,"comment_status":"open","ping_status":"open","sticky":false,"template":"","format":"standard","meta":[],"categories":[8],"tags":[],"_links":{"self":[{"href":"https:\/\/amagep.co.za\/fr\/wp-json\/wp\/v2\/posts\/581"}],"collection":[{"href":"https:\/\/amagep.co.za\/fr\/wp-json\/wp\/v2\/posts"}],"about":[{"href":"https:\/\/amagep.co.za\/fr\/wp-json\/wp\/v2\/types\/post"}],"author":[{"embeddable":true,"href":"https:\/\/amagep.co.za\/fr\/wp-json\/wp\/v2\/users\/1"}],"replies":[{"embeddable":true,"href":"https:\/\/amagep.co.za\/fr\/wp-json\/wp\/v2\/comments?post=581"}],"version-history":[{"count":0,"href":"https:\/\/amagep.co.za\/fr\/wp-json\/wp\/v2\/posts\/581\/revisions"}],"wp:featuredmedia":[{"embeddable":true,"href":"https:\/\/amagep.co.za\/fr\/wp-json\/wp\/v2\/media\/580"}],"wp:attachment":[{"href":"https:\/\/amagep.co.za\/fr\/wp-json\/wp\/v2\/media?parent=581"}],"wp:term":[{"taxonomy":"category","embeddable":true,"href":"https:\/\/amagep.co.za\/fr\/wp-json\/wp\/v2\/categories?post=581"},{"taxonomy":"post_tag","embeddable":true,"href":"https:\/\/amagep.co.za\/fr\/wp-json\/wp\/v2\/tags?post=581"}],"curies":[{"name":"wp","href":"https:\/\/api.w.org\/{rel}","templated":true}]}}