{"id":575,"date":"2013-03-14T13:05:12","date_gmt":"2013-03-14T13:05:12","guid":{"rendered":"https:\/\/amagep.co.za\/fr\/2013\/03\/14\/les-catholiques-ont-un-nouveau-pape\/"},"modified":"2013-03-14T13:05:12","modified_gmt":"2013-03-14T13:05:12","slug":"les-catholiques-ont-un-nouveau-pape","status":"publish","type":"post","link":"https:\/\/amagep.co.za\/fr\/les-catholiques-ont-un-nouveau-pape\/","title":{"rendered":"Les catholiques ont un nouveau pape"},"content":{"rendered":"<p><img loading=\"lazy\" class=\" size-full wp-image-574\" src=\"https:\/\/amagep.co.za\/fr\/wp-content\/uploads\/2013\/03\/pope_m_0.jpg\" border=\"0\" alt=\"Pop\" title=\"New Pop\" width=\"345\" height=\"261\" srcset=\"https:\/\/amagep.co.za\/fr\/wp-content\/uploads\/2013\/03\/pope_m_0.jpg 345w, https:\/\/amagep.co.za\/fr\/wp-content\/uploads\/2013\/03\/pope_m_0-300x227.jpg 300w\" sizes=\"(max-width: 345px) 100vw, 345px\" \/><\/p>\n<p>l&rsquo;Argentin Jorge Mario Bergoglio, qui prend le nom de Fran\u00e7ois. Il est le premier souverain pontife originaire des Am\u00e9riques.<\/p>\n<p> <!--more--> Devant la foule dense rassembl\u00e9e place Saint-Pierre, le cardinal fran\u00e7ais Jean-Louis Tauran est apparu mercredi au balcon qui surplombe la c\u00e9l\u00e8bre place du Vatican pour clamer le rituel \u00ab Habemus papam \u00bb et pr\u00e9senter ce premier pape non europ\u00e9en depuis sept si\u00e8cles. Le 266e chef de l&rsquo;\u00c9glise catholique a ensuite prononc\u00e9 son premier discours du balcon de la basilique.<\/p>\n<p>\u00ab Fr\u00e8res et soeurs, bonsoir. Vous savez que c&rsquo;est le devoir du conclave que de donner un \u00e9v\u00eaque \u00e0 Rome. Il semble que mes fr\u00e8res cardinaux sont all\u00e9s le chercher \u00e0 l&rsquo;autre bout du monde! \u00bb \u2014 Le nouveau pape Fran\u00e7ois<\/p>\n<p>Fran\u00e7ois s&rsquo;est ensuite inclin\u00e9, une premi\u00e8re pour un pape nouvellement \u00e9lu, avant de demander \u00e0 la foule de fid\u00e8les de prier pour lui. \u00ab Je vous demande une faveur, je vous demande \u00e0 vous de prier le Seigneur pour qu&rsquo;il me b\u00e9nisse : la pri\u00e8re du peuple qui demande la b\u00e9n\u00e9diction pour son \u00e9v\u00eaque \u00bb.<\/p>\n<p>L&rsquo;\u00e9lection d&rsquo;un pape argentin devrait r\u00e9jouir les fid\u00e8les d&rsquo;Am\u00e9rique latine. Ce continent abrite 40 % des catholiques. Les \u00e9vang\u00e9listes y gagnent cependant du terrain, ce qui repr\u00e9sente un d\u00e9fi pour l&rsquo;\u00c9glise, souligne notamment le journaliste Jean-Michel Leprince.<\/p>\n<p>Le choix d&rsquo;un pape latino-am\u00e9ricain est d&rsquo;autant plus opportun que les Journ\u00e9es mondiales de la jeunesse, grand rassemblement de catholiques du monde entier, auront lieu \u00e0 Rio de Janeiro, au Br\u00e9sil, en juillet prochain.<\/p>\n<!-- AddThis Advanced Settings generic via filter on the_content --><!-- AddThis Share Buttons generic via filter on the_content -->","protected":false},"excerpt":{"rendered":"<p>l&rsquo;Argentin Jorge Mario Bergoglio, qui prend le nom de Fran\u00e7ois. Il est le premier souverain&#8230;<!-- AddThis Advanced Settings generic via filter on get_the_excerpt --><!-- AddThis Share Buttons generic via filter on get_the_excerpt --><\/p>\n","protected":false},"author":1,"featured_media":574,"comment_status":"open","ping_status":"open","sticky":false,"template":"","format":"standard","meta":[],"categories":[9],"tags":[],"_links":{"self":[{"href":"https:\/\/amagep.co.za\/fr\/wp-json\/wp\/v2\/posts\/575"}],"collection":[{"href":"https:\/\/amagep.co.za\/fr\/wp-json\/wp\/v2\/posts"}],"about":[{"href":"https:\/\/amagep.co.za\/fr\/wp-json\/wp\/v2\/types\/post"}],"author":[{"embeddable":true,"href":"https:\/\/amagep.co.za\/fr\/wp-json\/wp\/v2\/users\/1"}],"replies":[{"embeddable":true,"href":"https:\/\/amagep.co.za\/fr\/wp-json\/wp\/v2\/comments?post=575"}],"version-history":[{"count":0,"href":"https:\/\/amagep.co.za\/fr\/wp-json\/wp\/v2\/posts\/575\/revisions"}],"wp:featuredmedia":[{"embeddable":true,"href":"https:\/\/amagep.co.za\/fr\/wp-json\/wp\/v2\/media\/574"}],"wp:attachment":[{"href":"https:\/\/amagep.co.za\/fr\/wp-json\/wp\/v2\/media?parent=575"}],"wp:term":[{"taxonomy":"category","embeddable":true,"href":"https:\/\/amagep.co.za\/fr\/wp-json\/wp\/v2\/categories?post=575"},{"taxonomy":"post_tag","embeddable":true,"href":"https:\/\/amagep.co.za\/fr\/wp-json\/wp\/v2\/tags?post=575"}],"curies":[{"name":"wp","href":"https:\/\/api.w.org\/{rel}","templated":true}]}}