{"id":562,"date":"2012-12-17T09:50:58","date_gmt":"2012-12-17T09:50:58","guid":{"rendered":"https:\/\/amagep.co.za\/fr\/2012\/12\/17\/tous-pour-un-un-pour-tous\/"},"modified":"2012-12-17T09:50:58","modified_gmt":"2012-12-17T09:50:58","slug":"tous-pour-un-un-pour-tous","status":"publish","type":"post","link":"https:\/\/amagep.co.za\/fr\/tous-pour-un-un-pour-tous\/","title":{"rendered":"Tous pour un , un pour tous"},"content":{"rendered":"<p class=\"MsoNormal\"><img loading=\"lazy\" class=\" size-full wp-image-561\" src=\"https:\/\/amagep.co.za\/fr\/wp-content\/uploads\/2012\/12\/isaac.jpg\" border=\"0\" alt=\"isaac\" title=\"Isaac\" width=\"206\" height=\"298\" \/><\/p>\n<p class=\"MsoNormal\"><span>Un homme sage a dit: \u00ab\u00a0nous pr\u00e9f\u00e9rons vivre ensemble que de mourir seul\u00a0\u00bb <span> <\/span>tr\u00e9s sage en effet mais elle soul\u00e8ve des questions dans l\u2019esprit, des questions cooment pouvons-nous vivre ensemble ou se rassembler \u00e9tant issus de milieux diff\u00e9rents, de cultures et de religions diff\u00e9rentes? Comment pouvons \u2013 nous venir ensemble quand nous vivions d\u00e9ja dans un monde qui nous impose de vivre chacun pour soi\u00a0?<\/span><\/p>\n<p>  <!--more-->  <\/p>\n<p class=\"MsoNormal\"><span>C\u2019est ici que le besoin d\u2019appliquer le concept de l\u2019unit\u00e9 dans la diversit\u00e9, d\u00e9finit comme un concepet d\u2019\u00a0\u00abunit\u00e9 sans uniformit\u00e9 et la diversit\u00e9 sans fragmation\u00a0\u00bb ou l\u2019unit\u00e9 repose sur une simple tol\u00e9rence physique, culturelle, linguistique, sociale, religieuse, politique, la tolerence des diff\u00e9rences id\u00e9ologques et \/ou psychologique vers une unit\u00e9 plus complexe bas\u00e9 sur l\u2019id\u00e9e que les differences s\u2019enrichissent l\u2019interaction humaines&#8230;<\/span><\/p>\n<p class=\"MsoNormal\"><span>Dans cet esprit\u00a0; un jeune homme originel de la R\u00e9publique D\u00e9mocratique du Congo, vivant \u00e0 Johannesburg\u00a0\/Afique du Sud a \u00e9lev\u00e9 sa voix haute pour sonner<span> <\/span>une cloche d\u2019alarme contre la division entre les peuples de l\u2019Afrique.<span> <\/span><\/span><\/p>\n<p class=\"MsoNormal\"><span>Apr\u00e8s avoir \u00e9t\u00e9 t\u00e9moins des attaques x\u00e9nophobiques en 2008 et le traitement injuste des ressortissants \u00e9trangers dans la plupart des pays africains, Isaac Mabaka Landu, Directeur G\u00e9n\u00e9ral de l\u2019IML Image (soci\u00e9t<\/span><span style=\"font-size: 10pt; font-family: 'Microsoft Sans Serif',sans-serif\">\u00e9 de promotion )a cr\u00e9\u00e9 un mouvement (sans but licratitif) de sensibilisation contre la division de l\u2019Afrique, appel\u00e9e \u00ab You and Me Together\u00a0\u2018\u2019 (Toi et Moi ensemble).<\/span><\/p>\n<p class=\"MsoNormal\"><span style=\"font-size: 10pt; font-family: 'Microsoft Sans Serif',sans-serif\">L\u2019organisation vise \u00e0 \u00e9duquer les masses sur le concept de solidarit\u00e9 et d\u2019unit\u00e9, croyant qu\u2019ensemble, nous pouvons faire plus, bon nomber des probl\u00e8mes auxquel nous sommes confrot\u00e9s en Afrique et dans le monde sont le r\u00e9sultat de notre \u00e9go\u00efsme et de la<span> <\/span>n\u00e9gligence du points de vue des autres. <\/span><\/p>\n<p class=\"MsoNormal\"><span style=\"font-size: 10pt; font-family: 'Microsoft Sans Serif',sans-serif\">\u2018<\/span>You and Me Together<span style=\"font-size: 10pt; font-family: 'Microsoft Sans Serif',sans-serif\">\u2019 \u2018\u2019 a l\u2019intention de prendre l\u2019Afrique sous un vent de chagement d\u00e9cisif qui va changer les choses<span> <\/span>dans notre communaut\u00e9 en aidant les OSBL et les autres organiastions avec le m\u00eame int\u00e9r\u00eat, en aidant directement les communaut\u00e9s non privil\u00e9gi\u00e9s, pas avec des mots seulement , vous savez ce qu\u2019on dit, <<\/span><\/p>\n<p class=\"MsoNormal\"><span style=\"font-size: 10pt; font-family: 'Microsoft Sans Serif',sans-serif\">Pour atteindre ses objectif, l\u2019organisation propose de sensibiliser les public<span> <\/span>\u00e0<span> <\/span>son action par tous les moyens appropri\u00e9s<span> <\/span>( la presse\u00a0; les journaux , les m\u00e9dias , audiovisuels, journaux ,t\u00e9moignages, livres, expositions)\u00a0; d\u2019organiser des d\u00e9bats, des conf\u00e9rences, des forums, des s\u00e9minaires , sessions de formation et, camps,<span> <\/span>de campagnes , des exbitions et des spectacles&#8230;<\/span><\/p>\n<p class=\"MsoNormal\"><span style=\"font-size: 10pt; font-family: 'Microsoft Sans Serif',sans-serif\">L\u2019organisation pr\u00e9voit de poss\u00e9der une publication\/ Lettre d\u00a0\u2018information appel\u00e9<<\/span><\/p>\n<p class=\"MsoNormal\"><span style=\"font-size: 10pt; font-family: 'Microsoft Sans Serif',sans-serif\">Pour soutenir Isaac Mabaka Landu et le mouvement \u2018\u2019<\/span>You and Me Together<span style=\"font-size: 10pt; font-family: 'Microsoft Sans Serif',sans-serif\"> \u2018\u2019 , s\u2019il vous pla\u00eet n\u2019h\u00e9sitez pas d\u2019appler ou d\u2019envoyer le message et d\u2019acheter l\u2019un de ses coceptions \u2018\u2019 <\/span>You and Me Together<span style=\"font-size: 10pt; font-family: 'Microsoft Sans Serif',sans-serif\">\u2018\u2019<span> <\/span>T-shirt, chemise ou de chapeau (kepi) et d\u2019aider \u00e0 diffuser le nouvelles&#8230;<\/span><\/p>\n<p class=\"MsoNormal\"><span style=\"font-size: 10pt; font-family: 'Microsoft Sans Serif',sans-serif\">F\u00e9licitations \u00e0 Isaac Mabaka Landu et son \u00e9quipe pour cette belle initiative\u00a0!<span> <\/span><span> <\/span><\/span><\/p>\n<p class=\"MsoNormal\"><span style=\"font-size: 10pt; font-family: 'Microsoft Sans Serif',sans-serif\"><span>contact <\/span><\/span><\/p>\n<p class=\"MsoNormal\"><span style=\"font-size: 10pt; font-family: 'Microsoft Sans Serif',sans-serif\"><span>isaacmabaka@gmail.com<\/span><\/span><\/p>\n<p class=\"MsoNormal\"><span style=\"font-size: 10pt; font-family: 'Microsoft Sans Serif',sans-serif\"><span>+ 27 726291897 <\/span><span> <\/span><\/span><span><span> <\/span><\/span><\/p>\n<p class=\"MsoNormal\">Facebook : Imetogether<\/p>\n<!-- AddThis Advanced Settings generic via filter on the_content --><!-- AddThis Share Buttons generic via filter on the_content -->","protected":false},"excerpt":{"rendered":"<p>Un homme sage a dit: \u00ab\u00a0nous pr\u00e9f\u00e9rons vivre ensemble que de mourir seul\u00a0\u00bb tr\u00e9s sage&#8230;<!-- AddThis Advanced Settings generic via filter on get_the_excerpt --><!-- AddThis Share Buttons generic via filter on get_the_excerpt --><\/p>\n","protected":false},"author":1,"featured_media":561,"comment_status":"open","ping_status":"open","sticky":false,"template":"","format":"standard","meta":[],"categories":[5],"tags":[],"_links":{"self":[{"href":"https:\/\/amagep.co.za\/fr\/wp-json\/wp\/v2\/posts\/562"}],"collection":[{"href":"https:\/\/amagep.co.za\/fr\/wp-json\/wp\/v2\/posts"}],"about":[{"href":"https:\/\/amagep.co.za\/fr\/wp-json\/wp\/v2\/types\/post"}],"author":[{"embeddable":true,"href":"https:\/\/amagep.co.za\/fr\/wp-json\/wp\/v2\/users\/1"}],"replies":[{"embeddable":true,"href":"https:\/\/amagep.co.za\/fr\/wp-json\/wp\/v2\/comments?post=562"}],"version-history":[{"count":0,"href":"https:\/\/amagep.co.za\/fr\/wp-json\/wp\/v2\/posts\/562\/revisions"}],"wp:featuredmedia":[{"embeddable":true,"href":"https:\/\/amagep.co.za\/fr\/wp-json\/wp\/v2\/media\/561"}],"wp:attachment":[{"href":"https:\/\/amagep.co.za\/fr\/wp-json\/wp\/v2\/media?parent=562"}],"wp:term":[{"taxonomy":"category","embeddable":true,"href":"https:\/\/amagep.co.za\/fr\/wp-json\/wp\/v2\/categories?post=562"},{"taxonomy":"post_tag","embeddable":true,"href":"https:\/\/amagep.co.za\/fr\/wp-json\/wp\/v2\/tags?post=562"}],"curies":[{"name":"wp","href":"https:\/\/api.w.org\/{rel}","templated":true}]}}