{"id":559,"date":"2012-12-01T17:26:06","date_gmt":"2012-12-01T17:26:06","guid":{"rendered":"https:\/\/amagep.co.za\/fr\/2012\/12\/01\/journee-mondiale-du-sida-1er-decembre-2012\/"},"modified":"2012-12-01T17:26:06","modified_gmt":"2012-12-01T17:26:06","slug":"journee-mondiale-du-sida-1er-decembre-2012","status":"publish","type":"post","link":"https:\/\/amagep.co.za\/fr\/journee-mondiale-du-sida-1er-decembre-2012\/","title":{"rendered":"Journ\u00e9e mondiale du sida 1er d\u00e9cembre 2012"},"content":{"rendered":"<p>La Journ\u00e9e mondiale du sida, organis\u00e9e le 1er d\u00e9cembre, donne l\u2019occasion \u00e0 des personnes d\u2019horizons divers de se rassembler pour mieux faire conna\u00eetre le VIH\/sida et pour montrer leur solidarit\u00e9 face \u00e0 la pand\u00e9mie.<\/p>\n<p> <!--more--> <br \/>Cette journ\u00e9e permet \u00e0 plusieurs partenaires publics et priv\u00e9s de donner des informations sur la situation concernant la pand\u00e9mie et de promouvoir la pr\u00e9vention, le traitement et la prise en charge du VIH\/sida, dans les pays \u00e0 forte pr\u00e9valence mais aussi ailleurs.<\/p>\n<p>Entre 2011 et 2015, la Journ\u00e9e mondiale de lutte contre le sida aura pour th\u00e8me \u00abObjectif z\u00e9ro: z\u00e9ro nouvelle infection \u00e0 VIH, z\u00e9ro discrimination, z\u00e9ro d\u00e9c\u00e8s li\u00e9 au sida\u00bb.<\/p>\n<p>La campagne mondiale de lutte contre le sida, ax\u00e9e sur \u00abz\u00e9ro d\u00e9c\u00e8s li\u00e9 au sida\u00bb, est \u00e0 la fois une initiative pour un meilleur acc\u00e8s de tous au traitement, un appel lanc\u00e9 aux pouvoirs publics pour qu&rsquo;ils agissent imm\u00e9diatement et tiennent leurs engagements, par exemple ceux pris en vertu de la D\u00e9claration d&rsquo;Abuja, et un appel aux gouvernements africains afin qu\u2019ils atteignent au moins les objectifs convenus en mati\u00e8re de d\u00e9penses nationales en faveur de la sant\u00e9 et contre le VIH, pour garantir le droit fondamental de tout \u00eatre humain au meilleur niveau de soins de sant\u00e9 possible. <\/p>\n<p>&nbsp;<\/p>\n<p><a href=\"http:\/\/www.who.int\/mediacentre\/events\/annual\/world_aids_day\/fr\/index.html\" title=\"http:\/\/www.who.int\">OMS <\/a> <\/p>\n<!-- AddThis Advanced Settings generic via filter on the_content --><!-- AddThis Share Buttons generic via filter on the_content -->","protected":false},"excerpt":{"rendered":"<p>La Journ\u00e9e mondiale du sida, organis\u00e9e le 1er d\u00e9cembre, donne l\u2019occasion \u00e0 des personnes d\u2019horizons&#8230;<!-- AddThis Advanced Settings generic via filter on get_the_excerpt --><!-- AddThis Share Buttons generic via filter on get_the_excerpt --><\/p>\n","protected":false},"author":1,"featured_media":0,"comment_status":"open","ping_status":"open","sticky":false,"template":"","format":"standard","meta":[],"categories":[5],"tags":[],"_links":{"self":[{"href":"https:\/\/amagep.co.za\/fr\/wp-json\/wp\/v2\/posts\/559"}],"collection":[{"href":"https:\/\/amagep.co.za\/fr\/wp-json\/wp\/v2\/posts"}],"about":[{"href":"https:\/\/amagep.co.za\/fr\/wp-json\/wp\/v2\/types\/post"}],"author":[{"embeddable":true,"href":"https:\/\/amagep.co.za\/fr\/wp-json\/wp\/v2\/users\/1"}],"replies":[{"embeddable":true,"href":"https:\/\/amagep.co.za\/fr\/wp-json\/wp\/v2\/comments?post=559"}],"version-history":[{"count":0,"href":"https:\/\/amagep.co.za\/fr\/wp-json\/wp\/v2\/posts\/559\/revisions"}],"wp:attachment":[{"href":"https:\/\/amagep.co.za\/fr\/wp-json\/wp\/v2\/media?parent=559"}],"wp:term":[{"taxonomy":"category","embeddable":true,"href":"https:\/\/amagep.co.za\/fr\/wp-json\/wp\/v2\/categories?post=559"},{"taxonomy":"post_tag","embeddable":true,"href":"https:\/\/amagep.co.za\/fr\/wp-json\/wp\/v2\/tags?post=559"}],"curies":[{"name":"wp","href":"https:\/\/api.w.org\/{rel}","templated":true}]}}