{"id":554,"date":"2012-10-11T13:52:38","date_gmt":"2012-10-11T13:52:38","guid":{"rendered":"https:\/\/amagep.co.za\/fr\/2012\/10\/11\/le-depute-eugene-diomi-ndongala-enfin-libre\/"},"modified":"2012-10-11T13:52:38","modified_gmt":"2012-10-11T13:52:38","slug":"le-depute-eugene-diomi-ndongala-enfin-libre","status":"publish","type":"post","link":"https:\/\/amagep.co.za\/fr\/le-depute-eugene-diomi-ndongala-enfin-libre\/","title":{"rendered":"Le d\u00e9put\u00e9 Eug\u00e8ne Diomi Ndongala, enfin libre!"},"content":{"rendered":"<p><img loading=\"lazy\" class=\" size-full wp-image-553\" src=\"https:\/\/amagep.co.za\/fr\/wp-content\/uploads\/2012\/10\/diomi-libere.jpg\" border=\"0\" width=\"324\" height=\"432\" srcset=\"https:\/\/amagep.co.za\/fr\/wp-content\/uploads\/2012\/10\/diomi-libere.jpg 324w, https:\/\/amagep.co.za\/fr\/wp-content\/uploads\/2012\/10\/diomi-libere-225x300.jpg 225w\" sizes=\"(max-width: 324px) 100vw, 324px\" \/><\/p>\n<p>Le secr\u00e9taire g\u00e9n\u00e9ral de \u00ab La D\u00e9mocratie Chr\u00e9tienne \u00bb, parti de Diomi Ndongala,\u00a0 a confirm\u00e9 jeudi matin \u00e0 Radio Okapi l\u2019information qui a commenc\u00e9 \u00e0 circuler depuis l\u2019aube sur les r\u00e9seaux sociaux. Freddy Kita Bokusu confirme aussi que M. Diomi Ndongala a \u00e9t\u00e9 \u00ab abandonn\u00e9 la nuit pr\u00e8s du Centre sup\u00e9rieur Militaire \u00e0 Binza Ozone \u00bb.<\/p>\n<p> <!--more--> \u00ab M. Diomi Ndongala a \u00e9t\u00e9 lib\u00e9r\u00e9 hier soir de son lieu o\u00f9 il \u00e9tait gard\u00e9 au secret. Il est tr\u00e8s tr\u00e8s faible au moment o\u00f9 nous parlons, il est sous perfusion. Vous savez qu\u2019il a subi des mauvais traitements. D\u00e8s qu\u2019il sera r\u00e9tabli il va expliquer ce qu\u2019il a subi comme sort. Il a \u00e9t\u00e9 jet\u00e9 sur la route de Matadi vers 1 heure du matin. C\u2019est vraiment malheureux pour ce pays qui se dit \u00eatre d\u00e9mocratique \u00bb, a d\u00e9clar\u00e9 Freddy Kita \u00e0 Radio Okapi.<\/p>\n<p>Depuis sa disparition, fin juin \u00e0 Kinshasa, l\u2019opposition appuy\u00e9e par les organisations de d\u00e9fense des droits de l\u2019homme affirmaient que Diomi Ndongala \u00e9tait enlev\u00e9 et d\u00e9tenu au secret par les services de renseignement congolais alors que le gouvernement estimait qu\u2019il \u00e9tait en fuite.<\/p>\n<p>&nbsp;<\/p>\n<!-- AddThis Advanced Settings generic via filter on the_content --><!-- AddThis Share Buttons generic via filter on the_content -->","protected":false},"excerpt":{"rendered":"<p>Le secr\u00e9taire g\u00e9n\u00e9ral de \u00ab La D\u00e9mocratie Chr\u00e9tienne \u00bb, parti de Diomi Ndongala,\u00a0 a confirm\u00e9&#8230;<!-- AddThis Advanced Settings generic via filter on get_the_excerpt --><!-- AddThis Share Buttons generic via filter on get_the_excerpt --><\/p>\n","protected":false},"author":1,"featured_media":553,"comment_status":"open","ping_status":"open","sticky":false,"template":"","format":"standard","meta":[],"categories":[6],"tags":[],"_links":{"self":[{"href":"https:\/\/amagep.co.za\/fr\/wp-json\/wp\/v2\/posts\/554"}],"collection":[{"href":"https:\/\/amagep.co.za\/fr\/wp-json\/wp\/v2\/posts"}],"about":[{"href":"https:\/\/amagep.co.za\/fr\/wp-json\/wp\/v2\/types\/post"}],"author":[{"embeddable":true,"href":"https:\/\/amagep.co.za\/fr\/wp-json\/wp\/v2\/users\/1"}],"replies":[{"embeddable":true,"href":"https:\/\/amagep.co.za\/fr\/wp-json\/wp\/v2\/comments?post=554"}],"version-history":[{"count":0,"href":"https:\/\/amagep.co.za\/fr\/wp-json\/wp\/v2\/posts\/554\/revisions"}],"wp:featuredmedia":[{"embeddable":true,"href":"https:\/\/amagep.co.za\/fr\/wp-json\/wp\/v2\/media\/553"}],"wp:attachment":[{"href":"https:\/\/amagep.co.za\/fr\/wp-json\/wp\/v2\/media?parent=554"}],"wp:term":[{"taxonomy":"category","embeddable":true,"href":"https:\/\/amagep.co.za\/fr\/wp-json\/wp\/v2\/categories?post=554"},{"taxonomy":"post_tag","embeddable":true,"href":"https:\/\/amagep.co.za\/fr\/wp-json\/wp\/v2\/tags?post=554"}],"curies":[{"name":"wp","href":"https:\/\/api.w.org\/{rel}","templated":true}]}}