{"id":545,"date":"2012-08-16T13:25:28","date_gmt":"2012-08-16T13:25:28","guid":{"rendered":"https:\/\/amagep.co.za\/fr\/2012\/08\/16\/kinshasa-le-chanteur-koffi-olomide-aux-arrets\/"},"modified":"2012-08-16T13:25:28","modified_gmt":"2012-08-16T13:25:28","slug":"kinshasa-le-chanteur-koffi-olomide-aux-arrets","status":"publish","type":"post","link":"https:\/\/amagep.co.za\/fr\/kinshasa-le-chanteur-koffi-olomide-aux-arrets\/","title":{"rendered":"Kinshasa: le chanteur Koffi Olomide aux arr\u00eats"},"content":{"rendered":"<p>L\u2019artiste musicien congolais Agbepa Mumba, dit Koffi Olomide, a \u00e9t\u00e9 arr\u00eat\u00e9, ce mercredi 15 ao\u00fbt peu avant midi \u00e0 Kinshasa, en flagrance pour coups et blessures. Le Procureur g\u00e9n\u00e9ral de la r\u00e9publique (PGR), Flory Kabange, a confirm\u00e9 avoir \u00e9mis un mandat d\u2019arr\u00eat contre lui pour avoir tabass\u00e9 son producteur, Diego Music, ce matin \u00e0 l\u2019h\u00f4tel Venus.<\/p>\n<p> <!--more--> <\/p>\n<p>Selon le Procureur, pendant cet incident, une partie des installations de cet h\u00f4tel a \u00e9t\u00e9 endommag\u00e9e.<br \/>Le mandat d\u2019arr\u00eat a \u00e9t\u00e9 ex\u00e9cut\u00e9 par le colonel C\u00e9lestin Kanyama, commandant de la Police nationale congolaise\/district de la Lukunga,\u00a0 au studio de la Radiot\u00e9l\u00e9vision nationale congolaise (RTNC2), o\u00f9 se trouvait le patron de l\u2019orchestre Quartier Latin.<\/p>\n<p>Le Parquet g\u00e9n\u00e9ral de la R\u00e9publique a affirm\u00e9 que l\u2019artiste musicien \u00e9tait \u00aben pleine audition\u00bb, en d\u00e9but d\u2019apr\u00e8s-midi.\u00a0 Apr\u00e8s cette audition, il devrait \u00eatre transf\u00e9r\u00e9 \u00e0 la prison centrale de Makala.<\/p>\n<p>Koffi Olomide avait \u00e9t\u00e9 mis en examen \u00e0 Paris, en f\u00e9vrier dernier, pour \u00abviol sur mineures, s\u00e9questration, actes de barbarie en bande organis\u00e9e et trafic d\u2019\u00eatres humains\u00bb par une juge du tribunal de Nanterre.<\/p>\n<p>En 2009, il avait aussi eu des d\u00e9m\u00eal\u00e9es judiciaires apr\u00e8s que ses gardes du corps eurent agress\u00e9 le cameraman Patou Bonyoko de la Radiot\u00e9l\u00e9vision Groupe l\u2019Avenir (RTGA). Les faits s\u2019\u00e9taient produits\u00a0 \u00e0 la fin d\u2019un concert de musique \u00e0 Kinkole, dans la banlieue Est de Kinshasa.<\/p>\n<p>En 2004, il avait \u00e9t\u00e9 plac\u00e9 sous embargo de quarante cinq\u00a0 jours par les m\u00e9dias congolais, apr\u00e8s l\u2019agression du chroniqueur Marc Tabou lors d\u2019un concert qu\u2019il avait livr\u00e9 \u00e0 Paris. Une cam\u00e9ra du journaliste avait \u00e9t\u00e9 endommag\u00e9e.<\/p>\n<p>La vid\u00e9o de la chanson \u201cEmbargo\u201d, en souvenir du conflit de l\u2019artiste avec le presse congolaise en 2004. <\/p>\n<p>Source\u00a0<\/p>\n<p><a href=\"http:\/\/radiookapi.net\/actualite\/2012\/08\/15\/kinshasa-le-chanteur-koffi-olomide-aux-arrets\/\" title=\"www.radiookapi.net\">Radiookapi.net <\/a><\/p>\n<!-- AddThis Advanced Settings generic via filter on the_content --><!-- AddThis Share Buttons generic via filter on the_content -->","protected":false},"excerpt":{"rendered":"<p>L\u2019artiste musicien congolais Agbepa Mumba, dit Koffi Olomide, a \u00e9t\u00e9 arr\u00eat\u00e9, ce mercredi 15 ao\u00fbt&#8230;<!-- AddThis Advanced Settings generic via filter on get_the_excerpt --><!-- AddThis Share Buttons generic via filter on get_the_excerpt --><\/p>\n","protected":false},"author":1,"featured_media":0,"comment_status":"open","ping_status":"open","sticky":false,"template":"","format":"standard","meta":[],"categories":[8],"tags":[],"_links":{"self":[{"href":"https:\/\/amagep.co.za\/fr\/wp-json\/wp\/v2\/posts\/545"}],"collection":[{"href":"https:\/\/amagep.co.za\/fr\/wp-json\/wp\/v2\/posts"}],"about":[{"href":"https:\/\/amagep.co.za\/fr\/wp-json\/wp\/v2\/types\/post"}],"author":[{"embeddable":true,"href":"https:\/\/amagep.co.za\/fr\/wp-json\/wp\/v2\/users\/1"}],"replies":[{"embeddable":true,"href":"https:\/\/amagep.co.za\/fr\/wp-json\/wp\/v2\/comments?post=545"}],"version-history":[{"count":0,"href":"https:\/\/amagep.co.za\/fr\/wp-json\/wp\/v2\/posts\/545\/revisions"}],"wp:attachment":[{"href":"https:\/\/amagep.co.za\/fr\/wp-json\/wp\/v2\/media?parent=545"}],"wp:term":[{"taxonomy":"category","embeddable":true,"href":"https:\/\/amagep.co.za\/fr\/wp-json\/wp\/v2\/categories?post=545"},{"taxonomy":"post_tag","embeddable":true,"href":"https:\/\/amagep.co.za\/fr\/wp-json\/wp\/v2\/tags?post=545"}],"curies":[{"name":"wp","href":"https:\/\/api.w.org\/{rel}","templated":true}]}}