{"id":544,"date":"2012-08-12T16:35:58","date_gmt":"2012-08-12T16:35:58","guid":{"rendered":"https:\/\/amagep.co.za\/fr\/2012\/08\/12\/le-marechal-tantaoui-mis-a-la-retraite-par-le-president-egyptien\/"},"modified":"2012-08-12T16:35:58","modified_gmt":"2012-08-12T16:35:58","slug":"le-marechal-tantaoui-mis-a-la-retraite-par-le-president-egyptien","status":"publish","type":"post","link":"https:\/\/amagep.co.za\/fr\/le-marechal-tantaoui-mis-a-la-retraite-par-le-president-egyptien\/","title":{"rendered":"Le mar\u00e9chal Tantaoui mis \u00e0 la retraite par le pr\u00e9sident \u00e9gyptien"},"content":{"rendered":"<p>Selon les m\u00e9dias officiels, le pr\u00e9sident \u00e9gyptien, Mohamed Morsi, a mis \u00e0 la retraite le mar\u00e9chal Hussein Tantaoui, chef du Conseil supr\u00eame des forces arm\u00e9es et ministre de la D\u00e9fense, et l&rsquo;a nomm\u00e9 conseiller aupr\u00e8s du chef de l&rsquo;\u00c9tat. <\/p>\n<p> <!--more--> Le pr\u00e9sident \u00e9gyptien Mohamed Morsi a ordonn\u00e9 la mise \u00e0 la retraite du mar\u00e9chal Hussein Tantaoui, tout-puissant ministre de la D\u00e9fense qui a conduit la transition apr\u00e8s la chute, en f\u00e9vrier 2011, du pr\u00e9sident Hosni Moubarak.<\/p>\n<p>Selon le porte-parole de la pr\u00e9sidence, le chef de l\u2019Etat a \u00e9galement mis \u00e0 la retraite le g\u00e9n\u00e9ral Sami Enan, chef d\u2019\u00e9tat-major des arm\u00e9es.<\/p>\n<p>Les deux militaires sont nomm\u00e9s conseillers aupr\u00e8s du chef de l\u2019Etat, qui est issu des Fr\u00e8res musulmans. Ces mesures prennent effet imm\u00e9diatement.<\/p>\n<p>Le pr\u00e9sident Mohamed Morsi a \u00e9galement abrog\u00e9 un d\u00e9cret constitutionnel pris par l\u2019arm\u00e9e peu avant son \u00e9lection qui visait \u00e0 rogner ses pr\u00e9rogatives.<\/p>\n<p>Le g\u00e9n\u00e9ral Mohamed al Assar, promu dimanche vice-ministre de la D\u00e9fense, a expliqu\u00e9 que la d\u00e9cision du chef de l\u2019Etat de mettre le mar\u00e9chal Hussein Tantaoui \u00e0 la retraite avait \u00e9t\u00e9 prise apr\u00e8s des consultations avec l\u2019int\u00e9ress\u00e9 et le Conseil supr\u00eame des forces arm\u00e9es (CSFA) qu\u2019il pr\u00e9sidait.<\/p>\n<p>&nbsp;<\/p>\n<p>Source\u00a0<\/p>\n<p><a href=\"Le mar\u00e9chal Tantaoui mis \u00e0 la retraite par le pr\u00e9sident \u00e9gyptien \" title=\"www.france24.com\">France24.com <\/a><\/p>\n<!-- AddThis Advanced Settings generic via filter on the_content --><!-- AddThis Share Buttons generic via filter on the_content -->","protected":false},"excerpt":{"rendered":"<p>Selon les m\u00e9dias officiels, le pr\u00e9sident \u00e9gyptien, Mohamed Morsi, a mis \u00e0 la retraite le&#8230;<!-- AddThis Advanced Settings generic via filter on get_the_excerpt --><!-- AddThis Share Buttons generic via filter on get_the_excerpt --><\/p>\n","protected":false},"author":1,"featured_media":0,"comment_status":"open","ping_status":"open","sticky":false,"template":"","format":"standard","meta":[],"categories":[6],"tags":[],"_links":{"self":[{"href":"https:\/\/amagep.co.za\/fr\/wp-json\/wp\/v2\/posts\/544"}],"collection":[{"href":"https:\/\/amagep.co.za\/fr\/wp-json\/wp\/v2\/posts"}],"about":[{"href":"https:\/\/amagep.co.za\/fr\/wp-json\/wp\/v2\/types\/post"}],"author":[{"embeddable":true,"href":"https:\/\/amagep.co.za\/fr\/wp-json\/wp\/v2\/users\/1"}],"replies":[{"embeddable":true,"href":"https:\/\/amagep.co.za\/fr\/wp-json\/wp\/v2\/comments?post=544"}],"version-history":[{"count":0,"href":"https:\/\/amagep.co.za\/fr\/wp-json\/wp\/v2\/posts\/544\/revisions"}],"wp:attachment":[{"href":"https:\/\/amagep.co.za\/fr\/wp-json\/wp\/v2\/media?parent=544"}],"wp:term":[{"taxonomy":"category","embeddable":true,"href":"https:\/\/amagep.co.za\/fr\/wp-json\/wp\/v2\/categories?post=544"},{"taxonomy":"post_tag","embeddable":true,"href":"https:\/\/amagep.co.za\/fr\/wp-json\/wp\/v2\/tags?post=544"}],"curies":[{"name":"wp","href":"https:\/\/api.w.org\/{rel}","templated":true}]}}