{"id":54,"date":"2009-01-15T12:13:56","date_gmt":"2009-01-15T12:13:56","guid":{"rendered":"https:\/\/amagep.co.za\/fr\/2009\/01\/15\/qles-policiers-mont-enchaine-au-mur-et-mont-agresse-pendant-neuf-heuresq\/"},"modified":"2009-01-15T12:13:56","modified_gmt":"2009-01-15T12:13:56","slug":"qles-policiers-mont-enchaine-au-mur-et-mont-agresse-pendant-neuf-heuresq","status":"publish","type":"post","link":"https:\/\/amagep.co.za\/fr\/qles-policiers-mont-enchaine-au-mur-et-mont-agresse-pendant-neuf-heuresq\/","title":{"rendered":"\u00ab\u00a0les policiers  m&rsquo;ont encha\u00een\u00e9 au mur et m\u2019ont agress\u00e9 pendant neuf heures!\u00a0\u00bb"},"content":{"rendered":"<p style=\"margin: 0cm 0cm 0pt\" class=\"MsoNormal\"><img loading=\"lazy\" class=\" size-full wp-image-53\" src=\"https:\/\/amagep.co.za\/fr\/wp-content\/uploads\/2009\/01\/ps_mulumba_in_prison.jpg\" border=\"0\" width=\"307\" height=\"410\" srcset=\"https:\/\/amagep.co.za\/fr\/wp-content\/uploads\/2009\/01\/ps_mulumba_in_prison.jpg 307w, https:\/\/amagep.co.za\/fr\/wp-content\/uploads\/2009\/01\/ps_mulumba_in_prison-225x300.jpg 225w\" sizes=\"(max-width: 307px) 100vw, 307px\" \/><br \/><span><font size=\"3\"><font color=\"#000000\"><font face=\"Times New Roman\">\u00a0<\/font><\/font><\/font><\/span><\/p>\n<p><span><font size=\"3\"><font color=\"#000000\"><font face=\"Times New Roman\">Nous nous souviendrons que <span>\u00a0<\/span>c\u2019est une nouvelle Afrique du Sud! <\/font><\/font><\/font><\/span><span><font size=\"3\"><font color=\"#000000\"><font face=\"Times New Roman\">Diff\u00e9rente du System d\u2019Apartheid <\/font><\/font><\/font><\/span><span><font size=\"3\"><font color=\"#000000\"><font face=\"Times New Roman\">Que Mandela, Olivier Thambo, Walter Sisulu, Chris Hani et autres combattants <\/font><\/font><\/font><\/span><span><font size=\"3\"><font color=\"#000000\"><font face=\"Times New Roman\">de la libert\u00e9 ont pay\u00e9 le prix du Droit de l&rsquo;homme et la dignit\u00e9 des<\/font><\/font><\/font><\/span><span><font size=\"3\"><font color=\"#000000\"><font face=\"Times New Roman\"><span>\u00a0<\/span><span>\u00a0<\/span>pauvres Africains &#8230;.<\/font><\/font><\/font><\/span><span><font size=\"3\"><font color=\"#000000\"><font face=\"Times New Roman\"> <\/font><\/font><\/font><\/span><span><font size=\"3\"><font color=\"#000000\"><font face=\"Times New Roman\"> <!--more--> <\/p>\n<p><span><font size=\"3\"><font color=\"#000000\"><font face=\"Times New Roman\">Nous nous souviendrons comme on le dit:\u201dA Luta continua\u201d comme le dit l\u2019<\/font><\/font><\/font><\/span><span><font size=\"3\"><font color=\"#000000\"><font face=\"Times New Roman\">expression latine &#8230;<\/font><\/font><\/font><\/span><span><font face=\"Times New Roman\" size=\"3\" color=\"#000000\">\u00a0<\/font><\/span><span><font size=\"3\"><font color=\"#000000\"><font face=\"Times New Roman\">Pourquoi et comment ce fr\u00e8re Africain comme tant bien d\u2019autres pouvait \u00eatre <\/font><\/font><\/font><\/span><span><font size=\"3\"><font color=\"#000000\"><font face=\"Times New Roman\">trait\u00e9 de la sorte dans son propre continent?<\/font><\/font><\/font><\/span><span><font face=\"Times New Roman\" size=\"3\" color=\"#000000\">\u00a0<\/font><\/span><span><font size=\"3\"><font color=\"#000000\"><font face=\"Times New Roman\">Je suis parmi les personnes qui ont suivi avec <span>\u00a0<\/span>yeux froids quand le Pasteur T <\/font><\/font><\/font><\/span><span><font size=\"3\"><font color=\"#000000\"><font face=\"Times New Roman\">Mulumba<span>\u00a0 <\/span>a \u00e9t\u00e9 menott\u00e9 et encha\u00een\u00e9 au mur de l&rsquo;int\u00e9rieur de la <\/font><\/font><\/font><\/span><span><font size=\"3\"><font color=\"#000000\"><font face=\"Times New Roman\">Station de police de Yeoville salle d&rsquo;interrogatoire, alors qu&rsquo;il \u00e9tait <\/font><\/font><\/font><\/span><span><font size=\"3\"><font color=\"#000000\"><font face=\"Times New Roman\">encore temps de mettre fin \u00e0 ces atrocit\u00e9s. De plus, j&rsquo;ai m\u00eame plaid\u00e9 avec <\/font><\/font><\/font><\/span><span><font size=\"3\"><font color=\"#000000\"><font face=\"Times New Roman\">ces officiers d&rsquo;arr\u00eater leurs actions, mais <span>\u00a0<\/span>mon intervention ne pouvez pas du tout aider.<\/font><\/font><\/font><\/span><span><font face=\"Times New Roman\" size=\"3\" color=\"#000000\">\u00a0<\/font><\/span><span><font size=\"3\"><font color=\"#000000\"><font face=\"Times New Roman\">En bref, nous regrettons et condamnons \u00e9nerg\u00e9tiquement ce genre de <\/font><\/font><\/font><\/span><span><font size=\"3\"><font color=\"#000000\"><font face=\"Times New Roman\">comportements en raison du droit et des valeurs humaines de tous, non <\/font><\/font><\/font><\/span><span><font size=\"3\"><font color=\"#000000\"><font face=\"Times New Roman\">seulement un ordinaire citoyen, mais un homme de Dieu, qui m\u00e9rite la <\/font><\/font><\/font><\/span><span><font size=\"3\"><font color=\"#000000\"><font face=\"Times New Roman\">dignit\u00e9.<\/font><\/font><\/font><\/span><span><font face=\"Times New Roman\" size=\"3\" color=\"#000000\">\u00a0<\/font><\/span><span><font size=\"3\"><font color=\"#000000\"><font face=\"Times New Roman\"><span>\u00a0<\/span>Quelque chose doit \u00eatre fait rapidement et sans d\u00e9lais pour \u00e9liminer et emp\u00eacher ces <\/font><\/font><\/font><\/span><span><font size=\"3\"><font color=\"#000000\"><font face=\"Times New Roman\">actes barbares dans la nouvelle <span>\u00a0<\/span>Republique Sud Africaine, car <\/font><\/font><\/font><\/span><span><font size=\"3\"><font color=\"#000000\"><font face=\"Times New Roman\">personne ne peut permettre cela, m\u00eame dans son propre territoire ou en <\/font><\/font><\/font><\/span><span><font size=\"3\"><font color=\"#000000\"><font face=\"Times New Roman\">dehors de son pays.<\/font><\/font><\/font><\/span><span><font face=\"Times New Roman\" size=\"3\" color=\"#000000\">\u00a0<\/font><\/span><\/p>\n<p><\/font><\/font><\/font><\/span><\/p>\n<p><span><font size=\"3\"><font color=\"#000000\"><font face=\"Times New Roman\">Retrouvons-nous au tribunal de grand instance de Hillbrow pour en<\/font><\/font><\/font><\/span><span><font size=\"3\"><font color=\"#000000\"><font face=\"Times New Roman\">connaitre plus sur la fa\u00e7on que la justice et la protection opere en<\/font><\/font><\/font><\/span> <span><font size=\"3\"><font color=\"#000000\"><font face=\"Times New Roman\">Afrique du sud !<\/font><\/font><\/font><\/span><\/p>\n<p style=\"margin: 0cm 0cm 0pt\" class=\"MsoNormal\"><span><\/span><\/p>\n<p><span><font size=\"3\"><\/font><\/span>\u00a0<\/p>\n<!-- AddThis Advanced Settings generic via filter on the_content --><!-- AddThis Share Buttons generic via filter on the_content -->","protected":false},"excerpt":{"rendered":"<p>\u00a0 Nous nous souviendrons que \u00a0c\u2019est une nouvelle Afrique du Sud! Diff\u00e9rente du System d\u2019Apartheid&#8230;<!-- AddThis Advanced Settings generic via filter on get_the_excerpt --><!-- AddThis Share Buttons generic via filter on get_the_excerpt --><\/p>\n","protected":false},"author":1,"featured_media":53,"comment_status":"open","ping_status":"open","sticky":false,"template":"","format":"standard","meta":[],"categories":[5],"tags":[],"_links":{"self":[{"href":"https:\/\/amagep.co.za\/fr\/wp-json\/wp\/v2\/posts\/54"}],"collection":[{"href":"https:\/\/amagep.co.za\/fr\/wp-json\/wp\/v2\/posts"}],"about":[{"href":"https:\/\/amagep.co.za\/fr\/wp-json\/wp\/v2\/types\/post"}],"author":[{"embeddable":true,"href":"https:\/\/amagep.co.za\/fr\/wp-json\/wp\/v2\/users\/1"}],"replies":[{"embeddable":true,"href":"https:\/\/amagep.co.za\/fr\/wp-json\/wp\/v2\/comments?post=54"}],"version-history":[{"count":0,"href":"https:\/\/amagep.co.za\/fr\/wp-json\/wp\/v2\/posts\/54\/revisions"}],"wp:featuredmedia":[{"embeddable":true,"href":"https:\/\/amagep.co.za\/fr\/wp-json\/wp\/v2\/media\/53"}],"wp:attachment":[{"href":"https:\/\/amagep.co.za\/fr\/wp-json\/wp\/v2\/media?parent=54"}],"wp:term":[{"taxonomy":"category","embeddable":true,"href":"https:\/\/amagep.co.za\/fr\/wp-json\/wp\/v2\/categories?post=54"},{"taxonomy":"post_tag","embeddable":true,"href":"https:\/\/amagep.co.za\/fr\/wp-json\/wp\/v2\/tags?post=54"}],"curies":[{"name":"wp","href":"https:\/\/api.w.org\/{rel}","templated":true}]}}