{"id":537,"date":"2012-06-14T13:38:47","date_gmt":"2012-06-14T13:38:47","guid":{"rendered":"https:\/\/amagep.co.za\/fr\/2012\/06\/14\/ndombe-opetum-enterre-au-cimetiere-necropole-apres-les-hommages-et-une-messe-a-kinshasa\/"},"modified":"2012-06-14T13:38:47","modified_gmt":"2012-06-14T13:38:47","slug":"ndombe-opetum-enterre-au-cimetiere-necropole-apres-les-hommages-et-une-messe-a-kinshasa","status":"publish","type":"post","link":"https:\/\/amagep.co.za\/fr\/ndombe-opetum-enterre-au-cimetiere-necropole-apres-les-hommages-et-une-messe-a-kinshasa\/","title":{"rendered":"Ndombe Opetum enterr\u00e9 au cimeti\u00e8re N\u00e9cropole apr\u00e8s les hommages et une messe \u00e0 Kinshasa"},"content":{"rendered":"<p class=\"spip\">La d\u00e9pouille  mortelle de l\u2019artiste chanteur Ndombe Opetum a port\u00e9e en terre mardi en  fin d\u2019apr\u00e8s midi au cimeti\u00e8re N\u00e9cropole dans la commune de la Nsele \u00e0  l\u2019Est de la ville de Kinshasa apr\u00e8s les hommages au stade des Martyrs o\u00f9  elle a \u00e9t\u00e9 d\u00e9pos\u00e9e pour les derniers hommages et  la messe de suffrage  c\u00e9l\u00e9br\u00e9e en la cath\u00e9drale Notre-Dame du Congo dans la commune de  Lingwala.  Plusieurs personnalit\u00e9s ont assist\u00e9 \u00e0 ce culte religieux c\u00e9l\u00e9br\u00e9 par  pr\u00e8s d\u2019une dizaine des pr\u00eatres.<\/p>\n<p> <!--more--> C\u2019est le cas du Pr\u00e9sident de  l\u2019Assembl\u00e9e nationale l\u2019Honorable Aubin Minaku, du ministre de la  Culture des Arts de la R\u00e9publique d\u00e9mocratique du Congo M.\u00a0Banza  Mukalayi et de son coll\u00e8gue de la R\u00e9publique s\u0153ur du Congo Brazzaville,  M.\u00a0Jean-Claude Gakosso, qui conduisait une importante d\u00e9l\u00e9gation \u00e0 cette  c\u00e9r\u00e9monie, des s\u00e9nateurs et d\u00e9put\u00e9s, du Gouverneur de la ville de  Kinshasa, M.\u00a0Andr\u00e9 Kimbuta.  <\/p>\n<p class=\"spip\">Outre les officiels, les membres de famille, notamment  sa veuve, Mme\u00a0Marie Nzumba et ses orphelins \u00e9taient pr\u00e9sents dans cette  cath\u00e9drale qui ce jour, a refus\u00e9 du monde\u00a0: toute la corporation des  musiciens y a \u00e9t\u00e9 repr\u00e9sent\u00e9e avec en t\u00eate le guitariste Simaro Lutumba,  pr\u00e9sident de l\u2019orchestre Bana Ok dans lequel le d\u00e9funt prestait et  occupait les fonctions de vice-pr\u00e9sident, Mbilia Bel, Bozi Boziana,  Werrason, JB Mpiana&#8230; des milliers d\u2019admirateurs de Ndombe Opetum et  autres m\u00e9lomanes et curieux qui ont pu acc\u00e9der dans cette \u00e9glise et ceux  qui sont rest\u00e9s dehors avaient envahi le quartier o\u00f9 se trouve cette  cath\u00e9drale, cr\u00e9ant ainsi un embouteillage sur l\u2019Avenue du 24 Novembre.<\/p>\n<p class=\"spip\">C\u2019est autour de 12 h 30 que le corps du d\u00e9funt,  transport\u00e9 par un corbillard a fait son entr\u00e9e dans l\u2019enceinte de la  cath\u00e9drale suivi d\u2019un autre, en provenance du stade des Martyrs o\u00f9 il a  \u00e9t\u00e9 expos\u00e9 pour des hommages populaires, bond\u00e9 des couronnes des fleurs,  pr\u00e9c\u00e9d\u00e9 de l\u2019arriv\u00e9e des officiels.<\/p>\n<p class=\"spip\">Vers 13 heures, le cur\u00e9 de la paroisse M.\u00a0l\u2019Abb\u00e9 Lwanga,  Recteur de la Cath\u00e9drale, accompagn\u00e9 par d\u2019autres pr\u00eatres dont M.\u00a0les  Abb\u00e9s Joseph Lukelo, Augustin Madimba, Jim Lumu Mutombo, Yves  Koko  Bolinda se sont pr\u00e9sent\u00e9s \u00e0 l\u2019esplanade de l\u2019\u00e9glise pour accueillir le  corps du d\u00e9funt.<\/p>\n<p class=\"spip\">Introduisant le culte, le c\u00e9l\u00e9brant principal, M.\u00a0l\u2019Abb\u00e9  Joseph Lukelo a d\u2019abord rappel\u00e9 le parcours de Ndombe Opetum apr\u00e8s  avoir salu\u00e9 son talent.<\/p>\n<p class=\"spip\">Pour ce pr\u00eatre, ses nombreuses compositions sont  la  preuve de ce talent. Sa mort est apparue d\u2019abord comme une rumeur pour  se confirmer ensuite est un coup de tonnerre provoquant dans les milieux  des m\u00e9lomanes une tristesse profonde.<\/p>\n<p class=\"spip\">P\u00e9p\u00e9 Ndombe nous quitte \u00e0 l\u2019\u00e2ge de 68 ans alors qu\u2019il  \u00e9tait en train de mettre la derni\u00e8re main sur son album \u00ab\u00a0Tendresse\u00a0\u00bb,  laisse une veuve et  neuf enfants.<\/p>\n<p class=\"spip\">\u00ab\u00a0<em class=\"spip\">Je souhaite qu\u2019\u00e0 ma mort l\u2019opinion  puisse juger et dire que j\u2019\u00e9tais un mod\u00e8le dans la musique congolaise ,  ne cessait de dire Ndombe Opetum<\/em>\u00a0\u00bb, a rappel\u00e9 M.\u00a0l\u2019Abb\u00e9 Lukelo qui a \u00e9voqu\u00e9 ces paroles du d\u00e9funt.<\/p>\n<p class=\"spip\">Et d\u2019ajouter\u00a0: \u00ab\u00a0<em class=\"spip\">Il nous a quitt\u00e9s, mais par ses \u0153uvres, il est pr\u00e9sent parmi nous<\/em>\u00a0\u00bb.<\/p>\n<p>Source <\/p>\n<p><a href=\"http:\/\/www.afriquechos.ch\/spip.php?article5496\" title=\"www.afrqiuechos.ch\">AFRIQUECHOS.CH <br \/><\/a><\/p>\n<!-- AddThis Advanced Settings generic via filter on the_content --><!-- AddThis Share Buttons generic via filter on the_content -->","protected":false},"excerpt":{"rendered":"<p>La d\u00e9pouille mortelle de l\u2019artiste chanteur Ndombe Opetum a port\u00e9e en terre mardi en fin&#8230;<!-- AddThis Advanced Settings generic via filter on get_the_excerpt --><!-- AddThis Share Buttons generic via filter on get_the_excerpt --><\/p>\n","protected":false},"author":1,"featured_media":0,"comment_status":"open","ping_status":"open","sticky":false,"template":"","format":"standard","meta":[],"categories":[8],"tags":[],"_links":{"self":[{"href":"https:\/\/amagep.co.za\/fr\/wp-json\/wp\/v2\/posts\/537"}],"collection":[{"href":"https:\/\/amagep.co.za\/fr\/wp-json\/wp\/v2\/posts"}],"about":[{"href":"https:\/\/amagep.co.za\/fr\/wp-json\/wp\/v2\/types\/post"}],"author":[{"embeddable":true,"href":"https:\/\/amagep.co.za\/fr\/wp-json\/wp\/v2\/users\/1"}],"replies":[{"embeddable":true,"href":"https:\/\/amagep.co.za\/fr\/wp-json\/wp\/v2\/comments?post=537"}],"version-history":[{"count":0,"href":"https:\/\/amagep.co.za\/fr\/wp-json\/wp\/v2\/posts\/537\/revisions"}],"wp:attachment":[{"href":"https:\/\/amagep.co.za\/fr\/wp-json\/wp\/v2\/media?parent=537"}],"wp:term":[{"taxonomy":"category","embeddable":true,"href":"https:\/\/amagep.co.za\/fr\/wp-json\/wp\/v2\/categories?post=537"},{"taxonomy":"post_tag","embeddable":true,"href":"https:\/\/amagep.co.za\/fr\/wp-json\/wp\/v2\/tags?post=537"}],"curies":[{"name":"wp","href":"https:\/\/api.w.org\/{rel}","templated":true}]}}