{"id":536,"date":"2012-05-03T08:58:06","date_gmt":"2012-05-03T08:58:06","guid":{"rendered":"https:\/\/amagep.co.za\/fr\/2012\/05\/03\/sarkozy-hollande-les-moments-forts-du-debat\/"},"modified":"2012-05-03T08:58:06","modified_gmt":"2012-05-03T08:58:06","slug":"sarkozy-hollande-les-moments-forts-du-debat","status":"publish","type":"post","link":"https:\/\/amagep.co.za\/fr\/sarkozy-hollande-les-moments-forts-du-debat\/","title":{"rendered":"Sarkozy-Hollande, les moments forts du d\u00e9bat"},"content":{"rendered":"<p><img loading=\"lazy\" class=\" size-full wp-image-534\" src=\"https:\/\/amagep.co.za\/fr\/wp-content\/uploads\/2012\/05\/sarko-hollande_0.jpg\" border=\"0\" width=\"345\" height=\"194\" srcset=\"https:\/\/amagep.co.za\/fr\/wp-content\/uploads\/2012\/05\/sarko-hollande_0.jpg 345w, https:\/\/amagep.co.za\/fr\/wp-content\/uploads\/2012\/05\/sarko-hollande_0-300x169.jpg 300w\" sizes=\"(max-width: 345px) 100vw, 345px\" \/><\/p>\n<p>Les deux candidats \u00e0 la pr\u00e9sidentielle se sont affront\u00e9s pendant un peu moins de 3 heures \u00e0 l\u2019occasion de l\u2019unique d\u00e9bat de la campagne pr\u00e9sidentielle. FRANCE 24 a s\u00e9lectionn\u00e9 les temps forts de ce duel. <\/p>\n<p> <!--more--> Durant pr\u00e8s de trois heures, les deux candidats ont pr\u00e9sent\u00e9 leurs divergences point par point, s\u2019invectivant parfois et se coupant fr\u00e9quemment la parole. Le face-\u00e0-face a commenc\u00e9 sur des chapeaux de roues, Nicolas Sarkozy et Fran\u00e7ois Hollande reprenant, l\u2019un apr\u00e8s l\u2019autre, les attaques lanc\u00e9es par le camp oppos\u00e9 \u00e0 leur endroit au cours de la campagne. Nicolas Sarkozy s\u2019est offusqu\u00e9 d\u2019avoir \u00e9t\u00e9 compar\u00e9 \u00e0 P\u00e9tain, \u00e0 Franco \u2026 Fran\u00e7ois Hollande lui a r\u00e9pondu que la droite l\u2019avait compar\u00e9 \u00e0 diff\u00e9rents types d\u2019animaux et qu\u2019il avait \u00e9t\u00e9 accus\u00e9 de faire des proc\u00e8s staliniens.<\/p>\n<p>Fran\u00e7ois Hollande a souvent renvoy\u00e9 le pr\u00e9sident sortant \u00e0 son bilan, notamment en mati\u00e8re de ch\u00f4mage. \u00ab\u00a0Vous aviez promis 5 %, on en est \u00e0 10 %\u00a0\u00bb. Lorsque Nicolas Sarkozy a expliqu\u00e9 que \u00ab\u00a0plusieurs crises d\u2019une violence inou\u00efe \u00e9taient pass\u00e9es par l\u00e0\u00a0\u00bb, il s\u2019est vu r\u00e9pondre : \u00ab\u00a0Ce n\u2019est jamais votre faute\u00a0\u00bb.<\/p>\n<p>Sur les questions \u00e9conomiques, il a beaucoup \u00e9t\u00e9 question de l\u2019Allemagne et de l\u2019exemple \u00e9conomique allemand. Ainsi, Nicolas Sarkozy a voulu pointer les contradictions de Fran\u00e7ois Hollande, qui indique que l\u2019Allemagne se porte mieux que la France tout en refusant en m\u00eame temps les r\u00e9formes mises en \u0153uvre par Berlin : \u00ab\u00a0L\u2019Allemagne fait l\u2019inverse de ce que vous proposez aux Fran\u00e7ais.\u00a0\u00bb<\/p>\n<p>Fran\u00e7ois Hollande a tent\u00e9 de rebondir en mettant en relation la mesure phare du d\u00e9but du mandat deNicolas Sarkozy, le bouclier fiscal, et sa proposition de cr\u00e9er 60 000 postes dans l\u2019\u00c9ducation publique.<\/p>\n<p>Lors de ces premiers \u00e9changes, Nicolas Sarkozy a accus\u00e9 \u00e0 plusieurs reprises son rival de mentir. Le candidat socialiste a fini par s\u2019en offusquer, provoquant une belle cacophonie sur le plateau.<\/p>\n<p>Apr\u00e8s un rapide survol des questions europ\u00e9ennes, au cours duquel Nicolas Sarkozy a fait valoir qu\u2019il avait \u00ab\u00a0\u00e9vit\u00e9 l\u2019effondrement de la Gr\u00e8ce\u00a0\u00bb et \u00ab\u00a0l\u2019implosion de l\u2019euro\u00a0\u00bb, le d\u00e9bat s\u2019est port\u00e9 sur la question de l\u2019immigration. Nicolas Sarkozy a alors d\u00e9fendu son projet de r\u00e9duction de l\u2019immigration l\u00e9gale.<\/p>\n<p>Toujours au sujet de l\u2019immigration, le d\u00e9bat s\u2019est ensuite port\u00e9 sur le vote des \u00e9trangers aux \u00e9lections locales. Les deux candidats ont camp\u00e9 sur leur position : Fran\u00e7ois Hollande a rappel\u00e9 qu\u2019il d\u00e9fend cette mesure depuis des ann\u00e9es. \u00ab\u00a0Cela existe d\u2019ailleurs dans la plupart des pays europ\u00e9ens\u00a0\u00bb, a dit le socialiste. Nicolas Sarkozy a lui soulign\u00e9 l\u2019\u00a0\u00bbirresponsabilit\u00e9\u00a0\u00bb d\u2019une telle mesure qui entrainerait, selon lui, la recrudescence du vote communautaire.<\/p>\n<p>Puis sont venus les sujets maintes fois d\u00e9battus lors de la campagne que sont la burqa, la viande hallal, les horaires d\u2019ouverture des piscines. Les deux mod\u00e9rateurs ont alors souhait\u00e9 r\u00e9orienter le d\u00e9bat et sont pass\u00e9s au th\u00e8me du nucl\u00e9aire.<\/p>\n<p>Nicolas Sarkozy s\u2019est port\u00e9 en grand d\u00e9fenseur du nucl\u00e9aire, \u00ab\u00a0un atout fran\u00e7ais\u00a0\u00bb qui date du g\u00e9n\u00e9ral de Gaulle.<\/p>\n<p>Fran\u00e7ois Hollande a lui rappel\u00e9 qu\u2019il voulait r\u00e9duire la part de nucl\u00e9aire dans la production d\u2019\u00e9nergie en France en fermant la centrale de Fessenheim. \u00ab\u00a0Pourquoi voulez-vous la fermer ?, lui a demand\u00e9 Nicolas Sarkozy. Pour faire plaisir \u00e0 madame Joly ? [Eva Joly, candidate d\u2019Europe \u00c9cologie-Les Verts \u00e0 la pr\u00e9sidentielle, ndlr].\u00a0\u00bb<\/p>\n<p>Les deux candidats ont ensuite \u00e9t\u00e9 invit\u00e9s \u00e0 d\u00e9crire la mani\u00e8re dont ils envisagent leur fonction \u00e0 la t\u00eate de l\u2019\u00c9tat. Fran\u00e7ois Hollande s\u2019est alors lanc\u00e9 dans une tirade pour d\u00e9tailler ce qu\u2019il entend \u00eatre sa pr\u00e9sidence \u00ab\u00a0normale\u00a0\u00bb.<\/p>\n<p>Nicolas Sarkozy lui a r\u00e9pondu : \u00ab\u00a0Votre normalit\u00e9 n\u2019est pas \u00e0 la hauteur des enjeux \u00ab\u00a0, rappelant la stature des anciens pr\u00e9sidents, De Gaulle, Pompidou, etc.<\/p>\n<p>Le d\u00e9bat est ensuite mont\u00e9 d\u2019un ton quand Fran\u00e7ois Hollande a accus\u00e9 Nicolas Sarkozy d\u2019avoir nomm\u00e9 des amis \u00e0 des postes \u00e0 responsabilit\u00e9. Le pr\u00e9sident sortant s\u2019est emport\u00e9, traitant son rival de \u00ab\u00a0petit calomniateur\u00a0\u00bb. Il a ensuite embray\u00e9 sur l\u2019\u00a0\u00bbaffaire Dominique Strauss-Kahn\u00a0\u00bb.<\/p>\n<p>Sont venues ensuite les questions internationales. Fran\u00e7ois Hollande a indiqu\u00e9 que, selon lui, la mission \u00e9tait \u00ab\u00a0achev\u00e9e\u00a0\u00bb en Afghanistan. S\u2019il est \u00e9lu pr\u00e9sident, il s\u2019engage \u00e0 retirer les troupes fran\u00e7aises fin 2012. \u00ab\u00a0Irresponsable\u00a0\u00bb lui a r\u00e9pondu Nicolas Sarkozy. \u00ab\u00a0Ce serait un parjure par rapport \u00e0 nos partenaires\u00a0\u00bb, a ajout\u00e9 le pr\u00e9sident-candidat.<\/p>\n<p>Concernant l\u2019Afrique, Nicolas Sarkozy a soulign\u00e9 la \u00ab\u00a0bonne nouvelle\u00a0\u00bb que constitue l\u2019\u00e9lection de Macky Sall au S\u00e9n\u00e9gal et \u00ab\u00a0la mauvaise nouvelle\u00a0\u00bb qu\u2019a \u00e9t\u00e9 celle du coup d\u2019\u00c9tat contre Amadou Toumani Tour\u00e9 au Mali. Les deux candidats n\u2019ont en revanche pas voulu s\u2019\u00e9tendre sur le sort des otages fran\u00e7ais retenus au Sahel.<\/p>\n<p>En guise de conclusion, Fran\u00e7ois Hollande a salu\u00e9 un d\u00e9bat \u00ab\u00a0utile\u00a0\u00bb, \u00ab\u00a0qui a montr\u00e9 les diff\u00e9rences\u00a0\u00bb entre sa candidature et celle de son rival. Il s\u2019est ensuite engag\u00e9 \u00e0 mettre en \u0153uvre le changement et le \u00ab\u00a0redressement\u00a0\u00bb de la France en s\u2019appuyant sur la jeunesse.<\/p>\n<p>C\u2019est enfin Nicolas Sarkozy qui a clos le d\u00e9bat, Fran\u00e7ois Hollande ayant eu la parole le premier. Le pr\u00e9sident sortant s\u2019est directement adress\u00e9 aux \u00e9lecteurs de Marine Le Pen, de Fran\u00e7ois Bayrou et aux abstentionnistes, leur demandant de consid\u00e9rer lequel des deux candidats est le plus proche de leurs id\u00e9es. Reste \u00e0 savoir dans quelle mesure les deux hommes sont parvenus \u00e0 convaincre les \u00e9lecteurs qui n\u2019avaient pas vot\u00e9 pour eux au premier tour.<\/p>\n<p>&nbsp;<\/p>\n<p>Source\u00a0<\/p>\n<p><a href=\"http:\/\/www.france24.com\/fr\/20120503-sarkozy-hollande-moments-forts-debat-televise-videos-citations-election-presidentielle-france\" title=\"www.france24.com\">France24.com <\/a><\/p>\n<!-- AddThis Advanced Settings generic via filter on the_content --><!-- AddThis Share Buttons generic via filter on the_content -->","protected":false},"excerpt":{"rendered":"<p>Les deux candidats \u00e0 la pr\u00e9sidentielle se sont affront\u00e9s pendant un peu moins de 3&#8230;<!-- AddThis Advanced Settings generic via filter on get_the_excerpt --><!-- AddThis Share Buttons generic via filter on get_the_excerpt --><\/p>\n","protected":false},"author":1,"featured_media":534,"comment_status":"open","ping_status":"open","sticky":false,"template":"","format":"standard","meta":[],"categories":[6],"tags":[],"_links":{"self":[{"href":"https:\/\/amagep.co.za\/fr\/wp-json\/wp\/v2\/posts\/536"}],"collection":[{"href":"https:\/\/amagep.co.za\/fr\/wp-json\/wp\/v2\/posts"}],"about":[{"href":"https:\/\/amagep.co.za\/fr\/wp-json\/wp\/v2\/types\/post"}],"author":[{"embeddable":true,"href":"https:\/\/amagep.co.za\/fr\/wp-json\/wp\/v2\/users\/1"}],"replies":[{"embeddable":true,"href":"https:\/\/amagep.co.za\/fr\/wp-json\/wp\/v2\/comments?post=536"}],"version-history":[{"count":0,"href":"https:\/\/amagep.co.za\/fr\/wp-json\/wp\/v2\/posts\/536\/revisions"}],"wp:featuredmedia":[{"embeddable":true,"href":"https:\/\/amagep.co.za\/fr\/wp-json\/wp\/v2\/media\/534"}],"wp:attachment":[{"href":"https:\/\/amagep.co.za\/fr\/wp-json\/wp\/v2\/media?parent=536"}],"wp:term":[{"taxonomy":"category","embeddable":true,"href":"https:\/\/amagep.co.za\/fr\/wp-json\/wp\/v2\/categories?post=536"},{"taxonomy":"post_tag","embeddable":true,"href":"https:\/\/amagep.co.za\/fr\/wp-json\/wp\/v2\/tags?post=536"}],"curies":[{"name":"wp","href":"https:\/\/api.w.org\/{rel}","templated":true}]}}