{"id":531,"date":"2012-04-12T11:53:38","date_gmt":"2012-04-12T11:53:38","guid":{"rendered":"https:\/\/amagep.co.za\/fr\/2012\/04\/12\/la-can-2013-se-jouera-dans-plus-de-4-villes\/"},"modified":"2012-04-12T11:53:38","modified_gmt":"2012-04-12T11:53:38","slug":"la-can-2013-se-jouera-dans-plus-de-4-villes","status":"publish","type":"post","link":"https:\/\/amagep.co.za\/fr\/la-can-2013-se-jouera-dans-plus-de-4-villes\/","title":{"rendered":"La Can 2013 se jouera dans plus de 4 villes."},"content":{"rendered":"<p style=\"text-align: center\"><img loading=\"lazy\" class=\" size-full wp-image-530\" src=\"https:\/\/amagep.co.za\/fr\/wp-content\/uploads\/2012\/04\/logo_can201320fr.jpg\" border=\"0\" alt=\"CAF 2013\" title=\"CAF 2013\" width=\"326\" height=\"440\" srcset=\"https:\/\/amagep.co.za\/fr\/wp-content\/uploads\/2012\/04\/logo_can201320fr.jpg 451w, https:\/\/amagep.co.za\/fr\/wp-content\/uploads\/2012\/04\/logo_can201320fr-223x300.jpg 223w\" sizes=\"(max-width: 326px) 100vw, 326px\" \/><\/p>\n<p>&nbsp;<\/p>\n<p>Selon le Secr\u00e9taire General de la CAF,la Conf\u00e9d\u00e9ration africaine de football (Caf) a sign\u00e9, le 4 avril<br \/>dernier, avec la f\u00e9d\u00e9ration sud-africaine de football la convention<br \/>d\u2019organisation de la Can Orange 2013. Conteste id\u00e9al pour permettre au<br \/>secr\u00e9taire g\u00e9n\u00e9ral de la Caf, Hicham Al Amrani, d\u2019\u00e9voquer les<br \/>pr\u00e9paratifs de la Coupe d\u2019Afrique des nations Orange, Afrique du Sud<br \/>2013.<\/p>\n<p> <!--more--> <\/p>\n<p> Ci dessous l&rsquo; interview que la Caf nous a offert:<br \/>Cafonline.com: la convention d\u2019organisation a \u00e9t\u00e9 sign\u00e9e mais<br \/>l\u2019annonce des villes h\u00f4tes de la comp\u00e9tition a \u00e9t\u00e9 diff\u00e9r\u00e9e. <\/p>\n<p>Pour quoi?<br \/>Hicham El Amrani: L\u2019accord a \u00e9t\u00e9 sign\u00e9 apr\u00e8s deux jours d\u2019intenses<br \/>travaux avec le Comit\u00e9 local d\u2019organisation de la Can 2013. Des<br \/>travaux qui se sont d\u00e9roul\u00e9s dans un bon \u00e9tat d\u2019esprit entre les<br \/>parties. Nous nous sommes accord\u00e9s sur le contenu de le la convention,<br \/>les droits et obligations. <br \/>En ce qui concerne le choix des villes h\u00f4tes et des stades, la<br \/>f\u00e9d\u00e9ration sud-africaine a souhait\u00e9 avoir un peu de temps pour<br \/>finaliser les conventions avec les villes h\u00f4tes et les soumettre au<br \/>gouvernement pour ratification. C\u2019est la raison pour laquelle<br \/>l\u2019annonce des villes h\u00f4tes a \u00e9t\u00e9 report\u00e9e au 20 avril.<\/p>\n<p>Cafonline.com: La Caf ira-t-elle au-del\u00e0 de quatre villes h\u00f4tes comme<br \/>cela est le cas jusqu\u2019ici ?<br \/>Hicham El Amrani: Nous avons une politique qui fixe un minimum de<br \/>quatre villes h\u00f4tes pour la Can. L\u2019Afrique du Sud a d\u00e9j\u00e0 re\u00e7u des<br \/>manifestations d\u2019int\u00e9r\u00eat de sept ou huit villes. Mais nous pensons que<br \/>cinq villes seront retenues, pas plus. La multiplication des villes<br \/>h\u00f4tes engendrera des contraintes logistiques et financi\u00e8res. Nous<br \/>sommes dans l\u2019attente d\u2019une confirmation du Comit\u00e9 local<br \/>d\u2019organisation. Il est utile de rappeler que l\u2019Afrique du Sud<br \/>accueillera \u00e9galement le Chan en 2014 donc les villes qui ne seront<br \/>pas retenues pour la Can 2013 auront une nouvelle opportunit\u00e9 l\u2019ann\u00e9e<br \/>d\u2019apr\u00e8s. <\/p>\n<p>Cafonline.com: Comment comptez-vous vous y prendre pour garantir le<br \/>succ\u00e8s populaire de la Can 2013 ?<\/p>\n<p>Hicham El Amrani: Ca \u00e9t\u00e9 une des questions prioritaires quand nous<br \/>nous sommes retrouv\u00e9s en Afrique du Sud. L\u2019accent sera mis sur un<br \/>programme de billetterie \u00e0 m\u00eame de permettre une participation massive<br \/>de fans de football en Afrique du Sud et au-del\u00e0. L\u2019Afrique du Sud,<br \/>destination touristique par excellence, pr\u00e9sente un environnement<br \/>id\u00e9al pour offrir diverses attractions en dehors des matchs de<br \/>football. Nous entendons \u00e9galement travailler avec toutes les parties<br \/>prenantes en Afrique du Sud afin d\u2019int\u00e9resser les communaut\u00e9s locales.<br \/>Ceci induit l\u2019impl\u00e9mentation de programmes de responsabilit\u00e9 sociale<br \/>et la sensibilisation sur les questions cl\u00e9s durant la Can 2013. <br \/>Il est \u00e9galement important de fixer des prix justes pour les billets<br \/>et d\u2019assurer la fluidit\u00e9 dans la distribution des billets. La Can 2013<br \/>doit \u00e9galement \u00eatre pr\u00e9sent\u00e9 comme une autre opportunit\u00e9 de divertir<br \/>les amoureux du ballon rond. En concertation avec le Comit\u00e9 local nous<br \/>avons \u00e9tabli une feuille de route pour la billetterie. La vente sera<br \/>divis\u00e9e en quatre phases ciblant diff\u00e9rentes audiences. Nous \u00e9tudions<br \/>\u00e9galement des offres \u00e0 m\u00eame de permettre aux familles, parents et<br \/>enfants, de venir au stade. La vente des billets sera ouverte en<br \/>juillet. <\/p>\n<p>Cafonline.com: Quels sont les autres activit\u00e9s planifi\u00e9es par la Caf<br \/>pour les six prochains mois ? <\/p>\n<p>Hicham El Amrani: Nous avons les activit\u00e9s habituelles \u00e0 l\u2019instar de<br \/>la conduite des comp\u00e9titions interclubs. Au mois de mai sont pr\u00e9vues<br \/>nos r\u00e9unions annuelles en l\u2019occurrence le Comit\u00e9 ex\u00e9cutif, la<br \/>commission des comp\u00e9titions interclubs. A l\u2019occasion il sera proc\u00e9d\u00e9<br \/>au tirage au sort de la Ligue des champions Orange et de l\u2019Orange<br \/>Coupe de la Conf\u00e9d\u00e9ration. Nous travaillons \u00e9galement sur un s\u00e9minaire<br \/>important qui devrait rassembler le 27 avril au Caire tous les<br \/>secr\u00e9taires g\u00e9n\u00e9raux des associations membres de la Caf. Cette<br \/>rencontre servira de plateforme pour communiquer les initiatives de la<br \/>Caf visant \u00e0 am\u00e9liorer le football sur le continent. Une assembl\u00e9e<br \/>g\u00e9n\u00e9rale extraordinaire est pr\u00e9vue aux Seychelles en septembre et<br \/>devra se pencher sur des amendements \u00e0 apporter \u00e0 nos statuts. Le<br \/>tirage au sort de la Can 2013 aura lieu le 26 octobre 2013.<\/p>\n<p>Source\u00a0<\/p>\n<p>Cafonline <\/p>\n<!-- AddThis Advanced Settings generic via filter on the_content --><!-- AddThis Share Buttons generic via filter on the_content -->","protected":false},"excerpt":{"rendered":"<p>&nbsp; Selon le Secr\u00e9taire General de la CAF,la Conf\u00e9d\u00e9ration africaine de football (Caf) a sign\u00e9,&#8230;<!-- AddThis Advanced Settings generic via filter on get_the_excerpt --><!-- AddThis Share Buttons generic via filter on get_the_excerpt --><\/p>\n","protected":false},"author":1,"featured_media":530,"comment_status":"open","ping_status":"open","sticky":false,"template":"","format":"standard","meta":[],"categories":[7],"tags":[],"_links":{"self":[{"href":"https:\/\/amagep.co.za\/fr\/wp-json\/wp\/v2\/posts\/531"}],"collection":[{"href":"https:\/\/amagep.co.za\/fr\/wp-json\/wp\/v2\/posts"}],"about":[{"href":"https:\/\/amagep.co.za\/fr\/wp-json\/wp\/v2\/types\/post"}],"author":[{"embeddable":true,"href":"https:\/\/amagep.co.za\/fr\/wp-json\/wp\/v2\/users\/1"}],"replies":[{"embeddable":true,"href":"https:\/\/amagep.co.za\/fr\/wp-json\/wp\/v2\/comments?post=531"}],"version-history":[{"count":0,"href":"https:\/\/amagep.co.za\/fr\/wp-json\/wp\/v2\/posts\/531\/revisions"}],"wp:featuredmedia":[{"embeddable":true,"href":"https:\/\/amagep.co.za\/fr\/wp-json\/wp\/v2\/media\/530"}],"wp:attachment":[{"href":"https:\/\/amagep.co.za\/fr\/wp-json\/wp\/v2\/media?parent=531"}],"wp:term":[{"taxonomy":"category","embeddable":true,"href":"https:\/\/amagep.co.za\/fr\/wp-json\/wp\/v2\/categories?post=531"},{"taxonomy":"post_tag","embeddable":true,"href":"https:\/\/amagep.co.za\/fr\/wp-json\/wp\/v2\/tags?post=531"}],"curies":[{"name":"wp","href":"https:\/\/api.w.org\/{rel}","templated":true}]}}