{"id":527,"date":"2012-03-23T18:49:56","date_gmt":"2012-03-23T18:49:56","guid":{"rendered":"https:\/\/amagep.co.za\/fr\/2012\/03\/23\/la-fee-zaiko-langa-langa-sest-penchee-sur-lhotel-bernadette-a-brazzaville\/"},"modified":"2012-03-23T18:49:56","modified_gmt":"2012-03-23T18:49:56","slug":"la-fee-zaiko-langa-langa-sest-penchee-sur-lhotel-bernadette-a-brazzaville","status":"publish","type":"post","link":"https:\/\/amagep.co.za\/fr\/la-fee-zaiko-langa-langa-sest-penchee-sur-lhotel-bernadette-a-brazzaville\/","title":{"rendered":"La f\u00e9e Za\u00efko Langa Langa s\u2019est pench\u00e9e sur l\u2019H\u00f4tel Bernadette \u00e0 Brazzaville"},"content":{"rendered":"<p style=\"text-align: center\"><img loading=\"lazy\" class=\" size-full wp-image-526\" src=\"https:\/\/amagep.co.za\/fr\/wp-content\/uploads\/2012\/03\/nyoka_longo_congo.jpg\" border=\"0\" alt=\"Nyoka longo\" title=\"Nyoka longo\" width=\"310\" height=\"435\" srcset=\"https:\/\/amagep.co.za\/fr\/wp-content\/uploads\/2012\/03\/nyoka_longo_congo.jpg 310w, https:\/\/amagep.co.za\/fr\/wp-content\/uploads\/2012\/03\/nyoka_longo_congo-214x300.jpg 214w\" sizes=\"(max-width: 310px) 100vw, 310px\" \/><\/p>\n<p>Quoi de mieux qu\u2019une magie qui op\u00e8re pour lancer son affaire ? Za\u00efko Langa Langa pour inaugurer l\u2019h\u00f4tel Bernadette, c\u2019est le choix \u00e9vident qu\u2019a fait le propri\u00e9taire de cette entreprise qui a ouvert ses portes officiellement, \u00e0 Brazzaville, le samedi 3 mars 2012, \u00e0 Makabandilu dans le 6\u00e8me arrondissement \u00e0 quelques encablures de l\u2019usine nationale d\u2019adduction d\u2019eau de Djiri.<\/p>\n<p> <!--more--> Depuis le 06 ao\u00fbt 2011, date de la sortie officielle de son album \u00ab Bande-Annonce \u00bb, Zaiko Langa Langa, l\u2019orchestre du cinquantenaire des deux Congo, reste tr\u00e8s sollicit\u00e9 \u00e0 Brazzaville mais surtout dans un circuit ferm\u00e9 pour des anniversaires, des mariages, des c\u00e9r\u00e9monies officielles. Pas un seul mois sans un concert de ce groupe \u00e0 Brazzaville pour agr\u00e9menter ces manifestions au grand dam du public car tout \u00e9tait sous invitation. Comme \u00e0 l\u2019occasion de l\u2019ouverture de l\u2019H\u00f4tel Bernadette H\u00f4tel (BH). \u00c0 cette occasion, la promotrice avait re\u00e7u la mutuelle \u00ab Les Copines \u00bb qui exerc\u00e9 sa solidarit\u00e9 entre les deux Congo. \u00ab Les 12 balles \u00bb se sont jointes aussi \u00e0 la f\u00eate.<\/p>\n<p>Pr\u00e9vue \u00e0 14h, la c\u00e9r\u00e9monie a commenc\u00e9 16h, compte tenu de l\u2019averse qui s\u2019\u00e9tait abattue dans cette partie de la ville, retardant ainsi la bonne marche de la manifestation au cours de laquelle, quelques allocutions et jeux sportifs (d\u00e9monstrations des Katas par des Karatekas, s\u00e9ance de combat de Boxe) \u00e9tait dites, et pr\u00e9sent\u00e9s au public convi\u00e9 \u00e0 cette occasion.<\/p>\n<p>C\u2019est \u00e0 17h pass\u00e9es de 20 minutes, que le bal dansant \u00e9t\u00e9 ouvert par Zaiko, qui a toujours eu l\u2019art de respecter le public, lors de ce genre de manifestation o\u00f9 les invites \u00e9tait \u00e9bloui de voir N\u2019yoka Longo exhiber les pas de danse, pour certains, c\u2019est de l\u2019hypnose totale. Manuaku Waku, Gina Efongue et Bozi Boziana, se trouvant \u00e0 Brazzaville s\u2019\u00e9taient joints \u00e0 Jossart, pour quelque passage sur sc\u00e8ne. C\u2019est aux environs de 20h, que la f\u00eate a pris fin et qu\u2019un autre rendez-vous a \u00e9t\u00e9 fix\u00e9 pour le dimanche 04 mars 2012, \u00e0 partir de 14h ouvert aux publics avec droit de participation aux frais y compris une consommation.<\/p>\n<p>Malheureusement, pour ce dimanche 04 mars 2012, le concert \u00e9tait annul\u00e9, referm\u00e9 au public \u00e0 la suite de la trag\u00e9die qui s\u2019\u00e9tait abattue dans la capitale, au camp militaire du r\u00e9giment blind\u00e9 \u00e0 Mpila o\u00f9 de fortes d\u00e9tonations des munitions ont d\u00e9truit des immeubles causant, ainsi, la mort dans des familles, qui vivaient dans l\u2019insouciance&#8230;<\/p>\n<p>&nbsp;<\/p>\n<p>Source\u00a0<\/p>\n<p><a href=\"http:\/\/www.afriquechos.ch\/spip.php?article5595\" title=\"www.afriquechos.ch\">AFRIQUECHOS.CH <\/a><\/p>\n<!-- AddThis Advanced Settings generic via filter on the_content --><!-- AddThis Share Buttons generic via filter on the_content -->","protected":false},"excerpt":{"rendered":"<p>Quoi de mieux qu\u2019une magie qui op\u00e8re pour lancer son affaire ? Za\u00efko Langa Langa&#8230;<!-- AddThis Advanced Settings generic via filter on get_the_excerpt --><!-- AddThis Share Buttons generic via filter on get_the_excerpt --><\/p>\n","protected":false},"author":1,"featured_media":526,"comment_status":"open","ping_status":"open","sticky":false,"template":"","format":"standard","meta":[],"categories":[8],"tags":[],"_links":{"self":[{"href":"https:\/\/amagep.co.za\/fr\/wp-json\/wp\/v2\/posts\/527"}],"collection":[{"href":"https:\/\/amagep.co.za\/fr\/wp-json\/wp\/v2\/posts"}],"about":[{"href":"https:\/\/amagep.co.za\/fr\/wp-json\/wp\/v2\/types\/post"}],"author":[{"embeddable":true,"href":"https:\/\/amagep.co.za\/fr\/wp-json\/wp\/v2\/users\/1"}],"replies":[{"embeddable":true,"href":"https:\/\/amagep.co.za\/fr\/wp-json\/wp\/v2\/comments?post=527"}],"version-history":[{"count":0,"href":"https:\/\/amagep.co.za\/fr\/wp-json\/wp\/v2\/posts\/527\/revisions"}],"wp:featuredmedia":[{"embeddable":true,"href":"https:\/\/amagep.co.za\/fr\/wp-json\/wp\/v2\/media\/526"}],"wp:attachment":[{"href":"https:\/\/amagep.co.za\/fr\/wp-json\/wp\/v2\/media?parent=527"}],"wp:term":[{"taxonomy":"category","embeddable":true,"href":"https:\/\/amagep.co.za\/fr\/wp-json\/wp\/v2\/categories?post=527"},{"taxonomy":"post_tag","embeddable":true,"href":"https:\/\/amagep.co.za\/fr\/wp-json\/wp\/v2\/tags?post=527"}],"curies":[{"name":"wp","href":"https:\/\/api.w.org\/{rel}","templated":true}]}}