{"id":523,"date":"2012-03-05T12:53:23","date_gmt":"2012-03-05T12:53:23","guid":{"rendered":"https:\/\/amagep.co.za\/fr\/2012\/03\/05\/congo-au-moins-200-morts-dans-des-explosions-a-brazzaville\/"},"modified":"2012-03-05T12:53:23","modified_gmt":"2012-03-05T12:53:23","slug":"congo-au-moins-200-morts-dans-des-explosions-a-brazzaville","status":"publish","type":"post","link":"https:\/\/amagep.co.za\/fr\/congo-au-moins-200-morts-dans-des-explosions-a-brazzaville\/","title":{"rendered":"Congo : au moins 200 morts dans des explosions \u00e0 Brazzaville"},"content":{"rendered":"<p class=\"spip\"><img loading=\"lazy\" class=\" size-full wp-image-522\" src=\"https:\/\/amagep.co.za\/fr\/wp-content\/uploads\/2012\/03\/brazzaville.jpg\" border=\"0\" alt=\"brazzaville\" title=\"brazzaville\" width=\"450\" height=\"248\" srcset=\"https:\/\/amagep.co.za\/fr\/wp-content\/uploads\/2012\/03\/brazzaville.jpg 600w, https:\/\/amagep.co.za\/fr\/wp-content\/uploads\/2012\/03\/brazzaville-300x165.jpg 300w\" sizes=\"(max-width: 450px) 100vw, 450px\" \/><\/p>\n<p class=\"spip\">Le bilan des explosions qui ont secou\u00e9 dimanche Brazzaville s\u2019\u00e9l\u00e8ve \u00e0 environ 200 morts, selon des sources hospitali\u00e8res cit\u00e9es par un responsable de la pr\u00e9sidence congolaise.<\/p>\n<p> <!--more--> \u00ab\u00a0<em class=\"spip\">Selon des sources \u00e0 l\u2019h\u00f4pital central, on parle d\u2019environ 200 morts et de nombreux bless\u00e9s<\/em>\u00a0\u00bb, a d\u00e9clar\u00e9 Betu Bangana, chef du protocole de la pr\u00e9sidence.  <\/p>\n<p class=\"spip\">D\u2019apr\u00e8s les responsables congolais, les explosions ont \u00e9t\u00e9 provoqu\u00e9es par un incendie dans le d\u00e9p\u00f4t de munitions de la caserne du r\u00e9giment blind\u00e9 du quartier Mpila, situ\u00e9e au bord du fleuve Congo.<\/p>\n<p class=\"spip\">\u00ab\u00a0<em class=\"spip\">Des habitants sont encore (prisonniers) dans leurs maisons<\/em>.<em class=\"spip\"> Ils disent que tout le quartier de Mpila a \u00e9t\u00e9 d\u00e9truit<\/em>\u00a0\u00bb, a pr\u00e9cis\u00e9 Betu Bangana. Il y aurait plusieurs centaines de bless\u00e9s.<\/p>\n<p class=\"spip\">Le ministre congolais de la D\u00e9fense, Charles Zacharie Bowao, a d\u00e9menti les rumeurs de tentative de coup d\u2019Etat ou de mutinerie, et d\u00e9clar\u00e9 \u00e0 la radio d\u2019\u00c9tat que les explosions ont \u00e9t\u00e9 provoqu\u00e9es par un incendie accidentel.<\/p>\n<p class=\"spip\">Selon les t\u00e9moignages recueillis par les m\u00e9dias, trois \u00e9normes explosions ont secou\u00e9 la capitale de la R\u00e9publique du Congo. Un \u00e9norme panache de fum\u00e9e s\u2019est \u00e9lev\u00e9 au-dessus de Brazzaville.<\/p>\n<p class=\"spip\">Les forces de s\u00e9curit\u00e9 ont \u00e9tabli un cordon de s\u00e9curit\u00e9 autour du quartier d\u00e9vast\u00e9, que les habitants tentent de fuir.<\/p>\n<p class=\"spip\">\u00ab\u00a0<em class=\"spip\">J\u2019ai vu un homme transport\u00e9 \u00e0 l\u2019h\u00f4pital avec les intestins \u00e0 l\u2019air. Il avait \u00e9t\u00e9 touch\u00e9 par un \u00e9clat<\/em>\u00a0\u00bb, a racont\u00e9 un t\u00e9moin.<\/p>\n<p class=\"spip\">La t\u00e9l\u00e9vision congolaise diffuse des images de sc\u00e8nes de panique et de bless\u00e9s affluant dans les h\u00f4pitaux, o\u00f9 les m\u00e9decins s\u00e9lectionnent les bless\u00e9s les plus graves pour les op\u00e9rer imm\u00e9diatement.<\/p>\n<p class=\"spip\">La panique a \u00e9galement gagn\u00e9 Kinshasa, de l\u2019autre c\u00f4t\u00e9 du fleuve Congo, large \u00e0 cet endroit de 700 m\u00e8tres.<\/p>\n<p>  Un habitant de la capitale de la R\u00e9publique d\u00e9mocratique du Congo a racont\u00e9 qu\u2019une fen\u00eatre de son domicile avait \u00e9t\u00e9 souffl\u00e9e par la puissance des d\u00e9flagrations.<\/p>\n<p>Source\u00a0<\/p>\n<p><a href=\"http:\/\/www.afriquechos.ch\/spip.php?article5579\" title=\"WWW.AFRIQUECHOS.CH\">AFRIQUECHOS.CH <\/a><\/p>\n<!-- AddThis Advanced Settings generic via filter on the_content --><!-- AddThis Share Buttons generic via filter on the_content -->","protected":false},"excerpt":{"rendered":"<p>Le bilan des explosions qui ont secou\u00e9 dimanche Brazzaville s\u2019\u00e9l\u00e8ve \u00e0 environ 200 morts, selon&#8230;<!-- AddThis Advanced Settings generic via filter on get_the_excerpt --><!-- AddThis Share Buttons generic via filter on get_the_excerpt --><\/p>\n","protected":false},"author":1,"featured_media":522,"comment_status":"open","ping_status":"open","sticky":false,"template":"","format":"standard","meta":[],"categories":[5],"tags":[],"_links":{"self":[{"href":"https:\/\/amagep.co.za\/fr\/wp-json\/wp\/v2\/posts\/523"}],"collection":[{"href":"https:\/\/amagep.co.za\/fr\/wp-json\/wp\/v2\/posts"}],"about":[{"href":"https:\/\/amagep.co.za\/fr\/wp-json\/wp\/v2\/types\/post"}],"author":[{"embeddable":true,"href":"https:\/\/amagep.co.za\/fr\/wp-json\/wp\/v2\/users\/1"}],"replies":[{"embeddable":true,"href":"https:\/\/amagep.co.za\/fr\/wp-json\/wp\/v2\/comments?post=523"}],"version-history":[{"count":0,"href":"https:\/\/amagep.co.za\/fr\/wp-json\/wp\/v2\/posts\/523\/revisions"}],"wp:featuredmedia":[{"embeddable":true,"href":"https:\/\/amagep.co.za\/fr\/wp-json\/wp\/v2\/media\/522"}],"wp:attachment":[{"href":"https:\/\/amagep.co.za\/fr\/wp-json\/wp\/v2\/media?parent=523"}],"wp:term":[{"taxonomy":"category","embeddable":true,"href":"https:\/\/amagep.co.za\/fr\/wp-json\/wp\/v2\/categories?post=523"},{"taxonomy":"post_tag","embeddable":true,"href":"https:\/\/amagep.co.za\/fr\/wp-json\/wp\/v2\/tags?post=523"}],"curies":[{"name":"wp","href":"https:\/\/api.w.org\/{rel}","templated":true}]}}