{"id":521,"date":"2012-03-01T15:12:43","date_gmt":"2012-03-01T15:12:43","guid":{"rendered":"https:\/\/amagep.co.za\/fr\/2012\/03\/01\/lanc-expulse-julius-malema\/"},"modified":"2012-03-01T15:12:43","modified_gmt":"2012-03-01T15:12:43","slug":"lanc-expulse-julius-malema","status":"publish","type":"post","link":"https:\/\/amagep.co.za\/fr\/lanc-expulse-julius-malema\/","title":{"rendered":"L\u2019ANC expulse Julius Malema"},"content":{"rendered":"<p><img loading=\"lazy\" class=\" size-full wp-image-520\" src=\"https:\/\/amagep.co.za\/fr\/wp-content\/uploads\/2012\/03\/58805326_malemaout.jpg\" border=\"0\" alt=\"Malema out\" title=\"Malema out\" width=\"464\" height=\"261\" srcset=\"https:\/\/amagep.co.za\/fr\/wp-content\/uploads\/2012\/03\/58805326_malemaout.jpg 464w, https:\/\/amagep.co.za\/fr\/wp-content\/uploads\/2012\/03\/58805326_malemaout-300x169.jpg 300w\" sizes=\"(max-width: 464px) 100vw, 464px\" \/><\/p>\n<p>Afrique du Sud Congr\u00e8s national africain a d\u00e9but\u00e9 sa Ligue de la jeunesse chef de file, Julius Malema, pendant cinq ans le jeudi apr\u00e8s l\u2019avoir reconnu coupable de semer la division dans le parti.<\/p>\n<p> <!--more--> <br \/>Malema, qui avait fait pression pour la nationalisation des mines dans la plus grande \u00e9conomie de l\u2019Afrique, devrait faire appel contre la sentence, qui a \u00e9t\u00e9 plus s\u00e9v\u00e8re que les analystes avaient pr\u00e9vu.<\/p>\n<p>Voici les r\u00e9actions des analystes:<\/p>\n<p>JUSTICE Malala, commentateur politique<\/p>\n<p>\u201cLes principes \u00e9nonc\u00e9s sont si \u00e9tanches que cela va \u00eatre difficile de faire appel. Les principes \u00e9nonc\u00e9s nous ramener \u00e0 l\u2019ANC de Nelson Mandela, nous ram\u00e8nent \u00e0 l\u2019ANC d\u2019Albert Luthuli et c\u2019est l\u00e0 que Julius Malema et sa Ligue de la Jeunesse a fait un erreur de calcul \u00e9norme. L\u2019ANC est plus grand qu\u2019eux. \u201d<\/p>\n<p>PIGNON JEFF, \u00e9conomiste en chef, Absa Capital<\/p>\n<p>\u00ab\u00c9tant donn\u00e9 que Malema a \u00e9t\u00e9 consid\u00e9r\u00e9e comme un point important pour les personnes les factions politiques au sein de l\u2019ANC qui ont \u00e9t\u00e9 \u00e0 la recherche d\u2019ins\u00e9rer un ensemble plus radicale des politiques autour de la r\u00e9forme agraire et l\u2019intervention \u00e9tatique dans le secteur minier, ainsi que d\u2019un paratonnerre pour un anti Zuma-campagne, il est susceptible d\u2019\u00eatre per\u00e7u comme un renforcement important du pr\u00e9sident Zuma.<\/p>\n<p>\u201cTout cela est plus important que d\u2019habitude, comme les lignes de bataille politique au sein de l\u2019ANC et ses partenaires continuent de passer en avance sur l\u2019an prochain tr\u00e8s importante conf\u00e9rence politique de l\u2019ANC (mi-ann\u00e9e) et la conf\u00e9rence \u00e9lective (D\u00e9cembre 2012).<\/p>\n<p>\u00abDans le tr\u00e8s court terme, l\u2019aff\u00fbt de tout mouvement par Malema pour essayer de l\u2019appel de la peine et \/ ou de fusionner un groupe autour de lui pour essayer de combattre le pouvoir.<\/p>\n<p>\u201cNotre sentiment est pr\u00e9sent est susceptible d\u2019\u00eatre la fin de la route politique pour Malema, au moins pendant la dur\u00e9e de son mandat de cinq ans de suspension.\u201d<\/p>\n<p>CHRISTIE Viljoen, ECONOMISTE, NKC \u00e9conomiste ind\u00e9pendant<\/p>\n<p>\u201cQuoi qu\u2019ils fassent avec Malema les grandes questions qu\u2019il a soulev\u00e9es et ce qu\u2019il repr\u00e9sente ne va pas dispara\u00eetre. La pauvret\u00e9, les in\u00e9galit\u00e9s et le ch\u00f4mage continuent.<\/p>\n<p>\u201cIl ne s\u2019agit pas n\u00e9cessairement d\u2019aller se coucher, il va continuer \u00e0 \u00eatre vocale et quelqu\u2019un d\u2019autre va probablement acc\u00e9l\u00e9rer pour prendre sa place \u00e0 la Ligue de la Jeunesse<\/p>\n<p>\u201cNous devrons voir s\u2019il ya un appel, qui sait ce qui pourrait arriver. Je ne vois pas qu\u2019il va \u00eatre tranquille.<\/p>\n<p>\u201cLe probl\u00e8me maintenant est que lui-m\u00eame motiv\u00e9 comme quelqu\u2019un qui se tient pour les pauvres, et maintenant le parti au pouvoir en disant: nous ne vous aiment pas plus, alors la question de la pauvret\u00e9 seront soulev\u00e9es plus en plus.\u201d<\/p>\n<p>KARIMA BROWN, commentateur politique SUR CANAL ENEWS<\/p>\n<p>\u201cJulius Malema a perdu la pr\u00e9sidence de l\u2019ANCYL. C\u2019est la ramification la plus importante de ce que (le pr\u00e9sident audience disciplinaire) Derek Hanekom vient de dire.<\/p>\n<p>\u201cLa grande histoire est que la direction Ligue de la jeunesse est en crise.<\/p>\n<p>\u201cM. Malema a une date avec l\u2019histoire aujourd\u2019hui, et il est fini dans l\u2019ANC et ANCYL.\u201d<\/p>\n<p>NIC borain, analyste politique IND\u00c9PENDANT<\/p>\n<p>\u201cC\u2019est \u00e9videmment bon pour l\u2019ANC \u2013 pour son image, pour sa coh\u00e9rence interne et pour la r\u00e9putation de son leadership Le comportement grossier et grandiose de la Ligue des jeunes de l\u2019ANC et l\u2019implication des leaders individuels\u201d au pillage du secteur public, derri\u00e8re une fa\u00e7ade. de repr\u00e9senter les int\u00e9r\u00eats des plus pauvres et les plus marginalis\u00e9s, a profond\u00e9ment port\u00e9 atteinte aux valeurs fondamentales et de la r\u00e9putation de l\u2019ANC.<\/p>\n<p>\u201cBeaucoup d\u00e9pendra de savoir si la direction a l\u2019estomac et la colonne vert\u00e9brale de suivre la proc\u00e9dure disciplinaire avec une mise en \u0153uvre rigoureuse de la phrase dans tous les forums de l\u2019organisation. Nous ne devons pas oublier que les personnes importantes et circonscriptions ont soutenu Malema \u00e0 travers ce processus.<\/p>\n<p>\u201cEst-ce que la phrase provoquer une r\u00e9action, en essayant de construire une opposition en d\u00e9crivant Malema comme une victime? Il est \u00e9videmment possible, mais la plupart des observateurs esp\u00e8rent que les tons graves et une approche approfondie de la Commission disciplinaire de l\u2019ANC pourrait pr\u00e9sager d\u2019un processus de r\u00e9paration et de renouvellement dans le parti au pouvoir. \u201d<\/p>\n<p>ANNE Fr\u00fchauf, ANALYSTE EN AFRIQUE, Eurasia Group<\/p>\n<p>\u00abLa d\u00e9cision n\u2019aborde pas directement la question des nationalisations. Mais il sera consid\u00e9r\u00e9 comme un signal que le promoteur les plus virulents de la nationalisation a \u00e9t\u00e9 coup\u00e9 \u00e0 la taille.<\/p>\n<p>\u00abLa Ligue de la jeunesse ne dicte pas la politique, mais le lobbying acharn\u00e9 Malema au sein du parti et dans les rues a caus\u00e9 beaucoup d\u2019anxi\u00e9t\u00e9 chez les investisseurs.<\/p>\n<p>\u00ab\u00c0 notre avis, le d\u00e9bat nationalisation deviendra un peu plus faible si l\u2019influence de Malema faiblit mais une chose est claire:. Nationalisation n\u2019est pas de l\u2019agenda et mettra en vedette lors de la conf\u00e9rence de l\u2019ANC en mati\u00e8re de politique de 2012.<\/p>\n<p>\u201cNous n\u2019avons toujours pas s\u2019attendre \u00e0 l\u2019ANC d\u2019approuver quelque chose comme la demande de la Ligue de la Jeunesse pour l\u2019\u00e9quit\u00e9 60 pour cent et l\u2019\u00e9tat des amendements constitutionnels \u00e0 des clauses d\u2019expropriation. Mais il semble y avoir de consensus clair sur la n\u00e9cessit\u00e9 d\u2019une plus grande redistribution.<\/p>\n<p>\u201cCe ne sera pas un r\u00e9sultat pire des cas, mais ce n\u2019est pas de bonnes nouvelles pour les investisseurs, parce que beaucoup consid\u00e8rent d\u00e9j\u00e0 le r\u00e9gime politique actuel pour \u00eatre on\u00e9reux.<\/p>\n<p>\u201cLes batailles de succession ont \u00e9t\u00e9 si amer qu\u2019ils quitteront l\u2019ANC encore plus divis\u00e9e. Le course aux Mangaung ne sera pas long fleuve tranquille pour Zuma, surtout si Malema pouvez faire glisser hors de l\u2019appel contre sa condamnation imminente et refuse de renoncer \u00e0 son direction de la Ligue de la jeunesse.<\/p>\n<p><\/p>\n<p>&nbsp;<\/p>\n<!-- AddThis Advanced Settings generic via filter on the_content --><!-- AddThis Share Buttons generic via filter on the_content -->","protected":false},"excerpt":{"rendered":"<p>Afrique du Sud Congr\u00e8s national africain a d\u00e9but\u00e9 sa Ligue de la jeunesse chef de&#8230;<!-- AddThis Advanced Settings generic via filter on get_the_excerpt --><!-- AddThis Share Buttons generic via filter on get_the_excerpt --><\/p>\n","protected":false},"author":1,"featured_media":520,"comment_status":"open","ping_status":"open","sticky":false,"template":"","format":"standard","meta":[],"categories":[6],"tags":[],"_links":{"self":[{"href":"https:\/\/amagep.co.za\/fr\/wp-json\/wp\/v2\/posts\/521"}],"collection":[{"href":"https:\/\/amagep.co.za\/fr\/wp-json\/wp\/v2\/posts"}],"about":[{"href":"https:\/\/amagep.co.za\/fr\/wp-json\/wp\/v2\/types\/post"}],"author":[{"embeddable":true,"href":"https:\/\/amagep.co.za\/fr\/wp-json\/wp\/v2\/users\/1"}],"replies":[{"embeddable":true,"href":"https:\/\/amagep.co.za\/fr\/wp-json\/wp\/v2\/comments?post=521"}],"version-history":[{"count":0,"href":"https:\/\/amagep.co.za\/fr\/wp-json\/wp\/v2\/posts\/521\/revisions"}],"wp:featuredmedia":[{"embeddable":true,"href":"https:\/\/amagep.co.za\/fr\/wp-json\/wp\/v2\/media\/520"}],"wp:attachment":[{"href":"https:\/\/amagep.co.za\/fr\/wp-json\/wp\/v2\/media?parent=521"}],"wp:term":[{"taxonomy":"category","embeddable":true,"href":"https:\/\/amagep.co.za\/fr\/wp-json\/wp\/v2\/categories?post=521"},{"taxonomy":"post_tag","embeddable":true,"href":"https:\/\/amagep.co.za\/fr\/wp-json\/wp\/v2\/tags?post=521"}],"curies":[{"name":"wp","href":"https:\/\/api.w.org\/{rel}","templated":true}]}}