{"id":52,"date":"2009-01-14T12:41:06","date_gmt":"2009-01-14T12:41:06","guid":{"rendered":"https:\/\/amagep.co.za\/fr\/2009\/01\/14\/jp-buse-l-je-renoue-avec-la-musique-dite-mondaine-r-ancien-chanteur-de-zaiko-langa-langa\/"},"modified":"2009-01-14T12:41:06","modified_gmt":"2009-01-14T12:41:06","slug":"jp-buse-l-je-renoue-avec-la-musique-dite-mondaine-r-ancien-chanteur-de-zaiko-langa-langa","status":"publish","type":"post","link":"https:\/\/amagep.co.za\/fr\/jp-buse-l-je-renoue-avec-la-musique-dite-mondaine-r-ancien-chanteur-de-zaiko-langa-langa\/","title":{"rendered":"JP Buse : \u00ab Je renoue avec la musique dite mondaine \u00bb ancien chanteur de Za\u00efko Langa Langa"},"content":{"rendered":"<p style=\"margin: 0cm 0cm 0pt\" class=\"MsoNormal\"><img loading=\"lazy\" class=\" size-full wp-image-51\" src=\"https:\/\/amagep.co.za\/fr\/wp-content\/uploads\/2009\/01\/jp-buse.jpg\" border=\"0\" width=\"520\" height=\"390\" srcset=\"https:\/\/amagep.co.za\/fr\/wp-content\/uploads\/2009\/01\/jp-buse.jpg 520w, https:\/\/amagep.co.za\/fr\/wp-content\/uploads\/2009\/01\/jp-buse-300x225.jpg 300w\" sizes=\"(max-width: 520px) 100vw, 520px\" \/><\/p>\n<p><font face=\"Times New Roman\" size=\"3\" color=\"#000000\">\u00a0<\/font><font size=\"3\"><font color=\"#000000\"><font face=\"Times New Roman\">Voil\u00e0 bient\u00f4t six ans que je m\u2019efforce de cesser de me soucier de ce que les autres pensent de moi. J\u2019essaye plut\u00f4t de me soucier de ce que Dieu pense de moi. <span>Ma reconversion \u00e0 la musique chr\u00e9tienne avait pour but d\u2019\u00e9quilibrer ma vie en remettant le mat\u00e9riel et le spirituel \u00e0 leur place selon la Volont\u00e9 de Dieu : \u00ab La parole de <\/span><\/font><\/font><\/font><font size=\"3\"><font color=\"#000000\"><font face=\"Times New Roman\"><span> <!--more--> Dieu nous recommande de chercher d\u2019abord son royaume et le reste nous sera donn\u00e9 par surcro\u00eet. \u00bb En d\u2019autres termes, c\u2019est un engagement pour que le spirituel, par rapport au mat\u00e9riel, puisse occuper la premi\u00e8re place dans ma vie et dans mon espace vital.<\/span><\/font><\/font><\/font><span><font size=\"3\"><font color=\"#000000\"><font face=\"Times New Roman\"><span>\u00a0<\/span><\/font><\/font><\/font><\/span> <\/p>\n<p style=\"margin: 0cm 0cm 0pt\" class=\"MsoNormal\"><font face=\"Times New Roman\" size=\"3\" color=\"#000000\">Avant ma reconversion, lutter pour les honneurs, les compliments et la richesse constituait l\u2019essentiel de mes pr\u00e9occupations. Cela me rendait de plus en plus triste car j\u2019avais une certaine lucidit\u00e9 me permettant de me rendre compte que je commen\u00e7ais \u00e0 perdre ma personnalit\u00e9 en voulant trop para\u00eetre.<\/font><\/p>\n<p><font face=\"Times New Roman\" size=\"3\" color=\"#000000\">\u00a0<\/font> <\/p>\n<p style=\"margin: 0cm 0cm 0pt\" class=\"MsoNormal\"><font face=\"Times New Roman\" size=\"3\" color=\"#000000\">Aujourd\u2019hui, en tant que modeste \u00ab serviteur \u00bb de V\u00e9rit\u00e9, je chante pour la gloire de Dieu. Mon but c\u2019est, non seulement de gagner les \u00e2mes perdues pour les ramener dans le royaume de Dieu, mais aussi d\u2019implanter son Royaume dans les T\u00e9n\u00e8bres. Aujourd\u2019hui, en tant que modeste \u00ab serviteur \u00bb de V\u00e9rit\u00e9, je me refuse, n\u00e9anmoins, de gagner ma vie en utilisant le nom de J\u00e9sus-Christ. En effet, Dieu dans Son Amour m\u2019a donn\u00e9 un travail depuis sept ans et je ne manque de rien ici \u00e0 Toronto. Dans Sa Bont\u00e9 infinie, Dieu m\u2019a donn\u00e9 une famille et avec J\u00e9sus, je m\u00e8ne une nouvelle vie de paix, d\u2019harmonie et d\u2019amour.<\/font><\/p>\n<p><font face=\"Times New Roman\" size=\"3\" color=\"#000000\">\u00a0<\/font><font size=\"3\"><font color=\"#000000\"><font face=\"Times New Roman\">En tant qu\u2019artiste, Dieu m\u2019a donn\u00e9 le talent de m\u2019exprimer librement tout en observant les r\u00e8gles d\u2019\u00e9thique. <span>C\u2019est ainsi que je suis, aujourd\u2019hui, convaincu que rien ne pourrait m\u2019emp\u00eacher de faire de la musique dite \u00ab engag\u00e9e \u00bb pour des causes que je jugerais \u00ab nobles \u00bb et au service de mes fr\u00e8res en travaillant avec des artistes m\u00eame non chr\u00e9tiens.<\/span><\/font><\/font><\/font><span><font face=\"Times New Roman\" size=\"3\" color=\"#000000\">\u00a0<\/font><\/span><font size=\"3\"><font color=\"#000000\"><font face=\"Times New Roman\">En tant qu\u2019artiste, Dieu m\u2019a permis de faire de la musique avec des artistes de grands talents, d\u2019approfondir mes connaissances et d\u2019\u00e9largir mes comp\u00e9tences, notamment, en mati\u00e8re de sons, images et enregistrement. C\u2019est ainsi que je suis, aujourd\u2019hui, d\u00e9cid\u00e9 de me tourner aussi vers la jeunesse afin qu\u2019en toute modestie, je puisse transmettre, soutenir et faire conna\u00eetre ces talents qui sont diss\u00e9min\u00e9s en Afrique (en RD Congo principalement) et dans sa diaspora. <span>Toutefois, en coh\u00e9rence avec mes convictions et engagements personnels, je m\u2019interdis dans le futur d\u2019aller jouer dans les bars ou dancings ou encore de chanter pour une campagne de promotion d\u2019alcool et de tabac.<\/span><\/font><\/font><\/font><span><font face=\"Times New Roman\" size=\"3\" color=\"#000000\">\u00a0<\/font><\/span> <\/p>\n<p style=\"margin: 0cm 0cm 0pt\" class=\"MsoNormal\"><font face=\"Times New Roman\" size=\"3\" color=\"#000000\">Tout ce que je ferai, je le ferai en \u00e2me et conscience, libre par la volont\u00e9 de l\u2019esprit de l\u2019\u00e9ternel. Mes meilleurs v\u0153ux pour l\u2019an 2009 !<\/font><\/p>\n<p><font face=\"Times New Roman\" size=\"3\" color=\"#000000\">\u00a0<\/font><font face=\"Times New Roman\" size=\"3\" color=\"#000000\">Source <\/font><font face=\"Times New Roman\" size=\"3\" color=\"#000000\">\u00a0<\/font><font face=\"Times New Roman\" size=\"3\" color=\"#000000\"><a href=\"http:\/\/www.afriquechos.ch\/spip.php?article3823\" title=\"www.afriqeuchos.ch\">http:\/\/www.afriquechos.ch\/spip.php?article3823<\/a><\/font><font face=\"Times New Roman\" size=\"3\" color=\"#000000\">\u00a0<\/font><font face=\"Times New Roman\" size=\"3\" color=\"#000000\">\u00a0<\/font><\/p>\n<!-- AddThis Advanced Settings generic via filter on the_content --><!-- AddThis Share Buttons generic via filter on the_content -->","protected":false},"excerpt":{"rendered":"<p>\u00a0Voil\u00e0 bient\u00f4t six ans que je m\u2019efforce de cesser de me soucier de ce que&#8230;<!-- AddThis Advanced Settings generic via filter on get_the_excerpt --><!-- AddThis Share Buttons generic via filter on get_the_excerpt --><\/p>\n","protected":false},"author":1,"featured_media":51,"comment_status":"open","ping_status":"open","sticky":false,"template":"","format":"standard","meta":[],"categories":[8],"tags":[],"_links":{"self":[{"href":"https:\/\/amagep.co.za\/fr\/wp-json\/wp\/v2\/posts\/52"}],"collection":[{"href":"https:\/\/amagep.co.za\/fr\/wp-json\/wp\/v2\/posts"}],"about":[{"href":"https:\/\/amagep.co.za\/fr\/wp-json\/wp\/v2\/types\/post"}],"author":[{"embeddable":true,"href":"https:\/\/amagep.co.za\/fr\/wp-json\/wp\/v2\/users\/1"}],"replies":[{"embeddable":true,"href":"https:\/\/amagep.co.za\/fr\/wp-json\/wp\/v2\/comments?post=52"}],"version-history":[{"count":0,"href":"https:\/\/amagep.co.za\/fr\/wp-json\/wp\/v2\/posts\/52\/revisions"}],"wp:featuredmedia":[{"embeddable":true,"href":"https:\/\/amagep.co.za\/fr\/wp-json\/wp\/v2\/media\/51"}],"wp:attachment":[{"href":"https:\/\/amagep.co.za\/fr\/wp-json\/wp\/v2\/media?parent=52"}],"wp:term":[{"taxonomy":"category","embeddable":true,"href":"https:\/\/amagep.co.za\/fr\/wp-json\/wp\/v2\/categories?post=52"},{"taxonomy":"post_tag","embeddable":true,"href":"https:\/\/amagep.co.za\/fr\/wp-json\/wp\/v2\/tags?post=52"}],"curies":[{"name":"wp","href":"https:\/\/api.w.org\/{rel}","templated":true}]}}