{"id":519,"date":"2012-02-17T17:01:03","date_gmt":"2012-02-17T17:01:03","guid":{"rendered":"https:\/\/amagep.co.za\/fr\/2012\/02\/17\/france-koffi-olomide-mis-en-examen\/"},"modified":"2012-02-17T17:01:03","modified_gmt":"2012-02-17T17:01:03","slug":"france-koffi-olomide-mis-en-examen","status":"publish","type":"post","link":"https:\/\/amagep.co.za\/fr\/france-koffi-olomide-mis-en-examen\/","title":{"rendered":"France : Koffi Olomid\u00e9 mis en examen"},"content":{"rendered":"<p><img loading=\"lazy\" class=\" size-full wp-image-518\" src=\"https:\/\/amagep.co.za\/fr\/wp-content\/uploads\/2012\/02\/koffi_olomide_im.jpg\" border=\"0\" alt=\"Koffi Olomide\" title=\"Koffi Olomide\" width=\"419\" height=\"459\" srcset=\"https:\/\/amagep.co.za\/fr\/wp-content\/uploads\/2012\/02\/koffi_olomide_im.jpg 419w, https:\/\/amagep.co.za\/fr\/wp-content\/uploads\/2012\/02\/koffi_olomide_im-274x300.jpg 274w\" sizes=\"(max-width: 419px) 100vw, 419px\" \/><\/p>\n<p>Le c\u00e9l\u00e8bre chanteur congolais est poursuivi par la justice fran\u00e7aise apr\u00e8s des plaintes de viol de ses anciennes danseuses. Les faits pr\u00e9sum\u00e9s se seraient d\u00e9roul\u00e9s \u00e0 Paris. Koffi Olomid\u00e9 est revenu pour la premi\u00e8re fois en France lundi depuis sa fuite en 2009. Arriv\u00e9 dans la matin\u00e9e \u00e0 l\u2019a\u00e9roport de Roissy, le c\u00e9l\u00e8bre chanteur s\u2019est rendu dans l\u2019apr\u00e8s- midi en banlieue parisienne au tribunal de Nanterre.<\/p>\n<p> <!--more--> <br \/>\u00ab\u00a0 Il est revenu de son plein gr\u00e9, en aucun cas il n\u2019a \u00e9t\u00e9 arr\u00eat\u00e9 par les policiers \u00e0 sa sortie d\u2019avion \u00bb, pr\u00e9cise son avocat fran\u00e7ais, ma\u00eetre Manuel Aeschlimann apr\u00e8s des informations publi\u00e9es dans la presse congolaise faisant \u00e9tat d\u2019une interpellation.<br \/>Au tribunal de Nanterre lundi, Koffi Olomid\u00e9 a \u00e9t\u00e9 entendu par une juge d\u2019instruction.<\/p>\n<p>Libert\u00e9<\/p>\n<p>\u00c0 l\u2019issue de son audition, il a \u00e9t\u00e9 mis en examen, selon son avocat, pour \u00ab viol sur mineures, s\u00e9questration, actes de barbarie en bande organis\u00e9e et trafic d\u2019\u00eatres humains. \u00bb Il a ensuite refus\u00e9 de se rendre devant le juge des libert\u00e9s et de la d\u00e9tention qui devait d\u00e9cider ou non de l\u2019incarc\u00e9rer avant une confrontation pr\u00e9vue dans un mois avec ses anciennes danseuses.<\/p>\n<p>Son avocat Maitre Aeschlimann assure que toutes les garanties financi\u00e8res avaient \u00e9t\u00e9 propos\u00e9es par son client dont une caution de 150.000 euro et qu\u2019il ne comprenait d\u00e8s lors pas pourquoi le mettre en d\u00e9tention provisoire.<\/p>\n<p>Koffi Olomid\u00e9 \u00e9tait toujours libre mardi soir.<\/p>\n<p>En 2009, alors qu\u2019il allait \u00eatre mis en examen d\u00e9j\u00e0 dans cette affaire, le chanteur congolais avait regagn\u00e9 pr\u00e9cipitamment le pays, de peur d\u2019\u00eatre incarc\u00e9r\u00e9.<br \/>\u00a0<br \/>Source <\/p>\n<p><a href=\"http:\/\/www.afriquechos.ch\/spip.php?article5553\" title=\"www.afriquechos.ch\">AFRIQUECHOS.CH <\/a><\/p>\n<p>{youtube}HH5YZcYFVWs{\/youtube}<\/p>\n<!-- AddThis Advanced Settings generic via filter on the_content --><!-- AddThis Share Buttons generic via filter on the_content -->","protected":false},"excerpt":{"rendered":"<p>Le c\u00e9l\u00e8bre chanteur congolais est poursuivi par la justice fran\u00e7aise apr\u00e8s des plaintes de viol&#8230;<!-- AddThis Advanced Settings generic via filter on get_the_excerpt --><!-- AddThis Share Buttons generic via filter on get_the_excerpt --><\/p>\n","protected":false},"author":1,"featured_media":518,"comment_status":"open","ping_status":"open","sticky":false,"template":"","format":"standard","meta":[],"categories":[8],"tags":[],"_links":{"self":[{"href":"https:\/\/amagep.co.za\/fr\/wp-json\/wp\/v2\/posts\/519"}],"collection":[{"href":"https:\/\/amagep.co.za\/fr\/wp-json\/wp\/v2\/posts"}],"about":[{"href":"https:\/\/amagep.co.za\/fr\/wp-json\/wp\/v2\/types\/post"}],"author":[{"embeddable":true,"href":"https:\/\/amagep.co.za\/fr\/wp-json\/wp\/v2\/users\/1"}],"replies":[{"embeddable":true,"href":"https:\/\/amagep.co.za\/fr\/wp-json\/wp\/v2\/comments?post=519"}],"version-history":[{"count":0,"href":"https:\/\/amagep.co.za\/fr\/wp-json\/wp\/v2\/posts\/519\/revisions"}],"wp:featuredmedia":[{"embeddable":true,"href":"https:\/\/amagep.co.za\/fr\/wp-json\/wp\/v2\/media\/518"}],"wp:attachment":[{"href":"https:\/\/amagep.co.za\/fr\/wp-json\/wp\/v2\/media?parent=519"}],"wp:term":[{"taxonomy":"category","embeddable":true,"href":"https:\/\/amagep.co.za\/fr\/wp-json\/wp\/v2\/categories?post=519"},{"taxonomy":"post_tag","embeddable":true,"href":"https:\/\/amagep.co.za\/fr\/wp-json\/wp\/v2\/tags?post=519"}],"curies":[{"name":"wp","href":"https:\/\/api.w.org\/{rel}","templated":true}]}}