{"id":514,"date":"2012-01-25T07:53:26","date_gmt":"2012-01-25T07:53:26","guid":{"rendered":"https:\/\/amagep.co.za\/fr\/2012\/01\/25\/jean-paul-mbuyamba-homme-daffaires-genereux-et-mecene-du-show-biz\/"},"modified":"2012-01-25T07:53:26","modified_gmt":"2012-01-25T07:53:26","slug":"jean-paul-mbuyamba-homme-daffaires-genereux-et-mecene-du-show-biz","status":"publish","type":"post","link":"https:\/\/amagep.co.za\/fr\/jean-paul-mbuyamba-homme-daffaires-genereux-et-mecene-du-show-biz\/","title":{"rendered":"Jean-Paul Mbuyamba : Homme d\u2019affaires g\u00e9n\u00e9reux et m\u00e9c\u00e8ne du show biz"},"content":{"rendered":"<p><!--[if gte mso 9]><xml>  <w:WordDocument>   <w:View>Normal<\/w:View>   <w:Zoom>0<\/w:Zoom>   <w:PunctuationKerning\/>   <w:ValidateAgainstSchemas\/>   <w:SaveIfXMLInvalid>false<\/w:SaveIfXMLInvalid>   <w:IgnoreMixedContent>false<\/w:IgnoreMixedContent>   <w:AlwaysShowPlaceholderText>false<\/w:AlwaysShowPlaceholderText>   <w:Compatibility>    <w:BreakWrappedTables\/>    <w:SnapToGridInCell\/>    <w:WrapTextWithPunct\/>    <w:UseAsianBreakRules\/>    <w:DontGrowAutofit\/>   <\/w:Compatibility>   <w:BrowserLevel>MicrosoftInternetExplorer4<\/w:BrowserLevel>  <\/w:WordDocument> <\/xml><![endif]--><!--[if gte mso 9]><xml>  <w:LatentStyles DefLockedState=\"false\" LatentStyleCount=\"156\">  <\/w:LatentStyles> <\/xml><![endif]--><!--[if gte mso 10]> \n\n<style>  \/* Style Definitions *\/  table.MsoNormalTable \t{mso-style-name:\"Table Normal\"; \tmso-tstyle-rowband-size:0; \tmso-tstyle-colband-size:0; \tmso-style-noshow:yes; \tmso-style-parent:\"\"; \tmso-padding-alt:0in 5.4pt 0in 5.4pt; \tmso-para-margin:0in; \tmso-para-margin-bottom:.0001pt; \tmso-pagination:widow-orphan; \tfont-size:10.0pt; \tfont-family:\"Times New Roman\"; \tmso-ansi-language:#0400; \tmso-fareast-language:#0400; \tmso-bidi-language:#0400;} <\/style>\n\n <![endif]-->  <\/p>\n<p class=\"MsoNormal\">\u00a0<img loading=\"lazy\" class=\" size-full wp-image-513\" src=\"https:\/\/amagep.co.za\/fr\/wp-content\/uploads\/2012\/01\/jean-paul-mbuyamba.jpg\" border=\"0\" width=\"395\" height=\"527\" srcset=\"https:\/\/amagep.co.za\/fr\/wp-content\/uploads\/2012\/01\/jean-paul-mbuyamba.jpg 395w, https:\/\/amagep.co.za\/fr\/wp-content\/uploads\/2012\/01\/jean-paul-mbuyamba-225x300.jpg 225w\" sizes=\"(max-width: 395px) 100vw, 395px\" \/><\/p>\n<p class=\"MsoNormal\"><span>Dans le concert des continents l\u2019Afrique a toujours \u00e9t\u00e9 confin\u00e9e au r\u00f4le de fournisseuse des mati\u00e8res premi\u00e8res pour le d\u00e9veloppement industriel des pays du nord de la plan\u00e8te. Cette division intercontinentale du travail constitue un frein majeur \u00e0 son d\u00e9collage socio\u00e9conomique non seulement parce qu\u2019elle maintient les dirigeants africains poings et pieds li\u00e9s, mais surtout parce que, au niveau de la soci\u00e9t\u00e9 civile, elle occulte une v\u00e9rit\u00e9\u00a0: il existe en Afrique un capital social capable de propulser des talents et d\u2019en faire des valeurs sures pour l\u2019essor du continent. <\/span><\/p>\n<p> <!--more--> <\/p>\n<p class=\"MsoNormal\"><span>Ce capital social est compos\u00e9 d\u2019hommes et de femmes de grand coeur, pr\u00eats \u00e0 promouvoir inconditionnellement et de mani\u00e8re d\u00e9sint\u00e9ress\u00e9e les Africains porteurs de grands r\u00eaves pour le continent. Jean-Paul Mbuyamba fait partie de ce capital social. Qui est cet homme\u00a0?<\/span>    <\/p>\n<p class=\"MsoNormal\"><span>Jean-Paul Mbuyamba est un homme d\u2019affaires congolais r\u00e9sident en Afrique du Sud. Il m\u00e8ne des affaires prosp\u00e8res en se mouvant entre le pays de Nelson Mandela et la RD Congo, sa patrie. Il s\u2019est le plus distingu\u00e9 comme un grand et g\u00e9n\u00e9reux m\u00e9c\u00e8ne du show biz. <\/span><\/p>\n<p class=\"MsoNormal\"><span>Par exemple, sa g\u00e9n\u00e9rosite est prouv\u00e9e par le geste qu\u2019il avait pos\u00e9 en faveur de l\u2019artiste-musicien congolais Joss Diena, un ancien soci\u00e9taire de Cultura Pays Vie de Felix Wazekua, alias Mukuwa Bongo, qui int\u00e9grera plus tard le Quartier Latin de Koffi Olomide Sarkozy avant de fonder son propre groupe.<\/span><\/p>\n<p class=\"MsoNormal\"><span> En effet, alors que Joss Diena avait d\u00e9j\u00e0 trouve un producteur en la personne de Claude Mashala, Mbuyamba, qui croit fermement au potentiel artistique de ce jeune chanteur, l\u2019invita en Afrique du Sud afin d\u2019apporter un plus dans la r\u00e9alisation de son album. <\/span><\/p>\n<p class=\"MsoNormal\"><span>Il est important de noter que, sans esp\u00e9rer tirer un profit de son geste de g\u00e9n\u00e9rosit\u00e9, il avait pris en charge le voyage de l\u2019artiste et son s\u00e9jour \u00e0 Johannesbourg, Durban et d\u2019autres villes d\u2019Afrique du Sud\u00a0; de m\u00eame il avait pay\u00e9 tous les frais d\u2019arrangement du disque et de r\u00e9alisation de ses clips.<\/span><\/p>\n<p class=\"MsoNormal\"><span>\u00a0<\/span><\/p>\n<p class=\"MsoNormal\"><span>Cette oeuvre promotionnelle est un t\u00e9moignage vivant du caract\u00e8re unique de la personnalit\u00e9 de Jean-Paul Mbuyamba\u00a0: il est un rare baobab dans le Sahara du capitalisme dur et impitoyable qui domine l\u2019Afrique et le monde d\u2019aujourd\u2019hui. Ainsi doit-il prendre conscience du fait qu\u2019en Afrique, il existe bien des talents\u2014sp\u00e9cialement dans le domaine de l\u2019art\u2014qui dorment faute de moyens, et qu\u2019il doit faire de leur assistance son apostolat. Alors sera-t-il compt\u00e9 parmi les p\u00e8res du d\u00e9veloppement socio\u00e9conomique et culturel du continent.<span>\u00a0 <\/span><\/span><\/p>\n<!-- AddThis Advanced Settings generic via filter on the_content --><!-- AddThis Share Buttons generic via filter on the_content -->","protected":false},"excerpt":{"rendered":"<p>\u00a0 Dans le concert des continents l\u2019Afrique a toujours \u00e9t\u00e9 confin\u00e9e au r\u00f4le de fournisseuse&#8230;<!-- AddThis Advanced Settings generic via filter on get_the_excerpt --><!-- AddThis Share Buttons generic via filter on get_the_excerpt --><\/p>\n","protected":false},"author":1,"featured_media":513,"comment_status":"open","ping_status":"open","sticky":false,"template":"","format":"standard","meta":[],"categories":[5],"tags":[],"_links":{"self":[{"href":"https:\/\/amagep.co.za\/fr\/wp-json\/wp\/v2\/posts\/514"}],"collection":[{"href":"https:\/\/amagep.co.za\/fr\/wp-json\/wp\/v2\/posts"}],"about":[{"href":"https:\/\/amagep.co.za\/fr\/wp-json\/wp\/v2\/types\/post"}],"author":[{"embeddable":true,"href":"https:\/\/amagep.co.za\/fr\/wp-json\/wp\/v2\/users\/1"}],"replies":[{"embeddable":true,"href":"https:\/\/amagep.co.za\/fr\/wp-json\/wp\/v2\/comments?post=514"}],"version-history":[{"count":0,"href":"https:\/\/amagep.co.za\/fr\/wp-json\/wp\/v2\/posts\/514\/revisions"}],"wp:featuredmedia":[{"embeddable":true,"href":"https:\/\/amagep.co.za\/fr\/wp-json\/wp\/v2\/media\/513"}],"wp:attachment":[{"href":"https:\/\/amagep.co.za\/fr\/wp-json\/wp\/v2\/media?parent=514"}],"wp:term":[{"taxonomy":"category","embeddable":true,"href":"https:\/\/amagep.co.za\/fr\/wp-json\/wp\/v2\/categories?post=514"},{"taxonomy":"post_tag","embeddable":true,"href":"https:\/\/amagep.co.za\/fr\/wp-json\/wp\/v2\/tags?post=514"}],"curies":[{"name":"wp","href":"https:\/\/api.w.org\/{rel}","templated":true}]}}