{"id":510,"date":"2012-01-22T14:22:30","date_gmt":"2012-01-22T14:22:30","guid":{"rendered":"https:\/\/amagep.co.za\/fr\/2012\/01\/22\/mahamat-les-tribulations-dun-franco-libyen\/"},"modified":"2012-01-22T14:22:30","modified_gmt":"2012-01-22T14:22:30","slug":"mahamat-les-tribulations-dun-franco-libyen","status":"publish","type":"post","link":"https:\/\/amagep.co.za\/fr\/mahamat-les-tribulations-dun-franco-libyen\/","title":{"rendered":"Mahamat, les tribulations d&rsquo;un Franco-Libyen"},"content":{"rendered":"<p><img loading=\"lazy\" class=\" size-full wp-image-509\" src=\"https:\/\/amagep.co.za\/fr\/wp-content\/uploads\/2012\/01\/mahamat.jpg\" border=\"0\" width=\"80%\" height=\"80%\" srcset=\"https:\/\/amagep.co.za\/fr\/wp-content\/uploads\/2012\/01\/mahamat.jpg 640w, https:\/\/amagep.co.za\/fr\/wp-content\/uploads\/2012\/01\/mahamat-300x193.jpg 300w\" sizes=\"(max-width: 640px) 100vw, 640px\" \/><span style=\"line-height: 115%; font-size: 10pt\">\u00a0<\/span><\/p>\n<p><span style=\"line-height: 115%; font-size: 10pt\">Le milieu d\u00e9fensif  franco-libyen Djamal Abdallah Mahamat, qui n&rsquo;aime pas \u00ab\u00a0m\u00e9langer foot et  politique\u00a0\u00bb, a particip\u00e9 \u00e0 la qualification historique de la Libye \u00e0 la Coupe  d&rsquo;Afrique des nations 2012, qui d\u00e9bute aujourd\u2019hui contre la Guin\u00e9e  \u00e9quatoriale.<\/span><\/p>\n<p> <!--more--> <\/p>\n<p><span style=\"line-height: 115%; font-size: 10pt\">Son propre parcours en fait un joueur  \u00e0 part dans le groupe libyen. N\u00e9 \u00e0 Tripoli il y a 28 ans, il a rejoint la France  et Mont-de-Marsan \u00e0 l&rsquo;\u00e2ge de 7 ans. Il passe par Bayonne et  Sannois-Saint-Gratien en National (3<sup>e<\/sup> division), avant le grand saut  pour le Portugal \u00e0 Estoril, Beira-Mar et enfin Braga depuis l&rsquo;\u00e9t\u00e9 dernier, le  club qui monte dans le championnat lusitanien.<\/span><\/p>\n<div style=\"margin-top: 0in; margin-right: 0in; margin-bottom: 10pt; margin-left: 0in\"><span style=\"line-height: 115%; font-size: 10pt\">Djamal, comme on l&rsquo;appelle au  Portugal, a v\u00e9cu de l&rsquo;int\u00e9rieur le parcours particulier des \u00ab\u00a0Verts\u00a0\u00bb devenus les  \u00ab\u00a0Chevaliers de la M\u00e9diterran\u00e9e\u00a0\u00bb \u00e0 la faveur du changement de r\u00e9gime et de la  chute du colonel Kadhafi. Il dit \u00ab\u00a0mieux conna\u00eetre la France que la Libye\u00a0\u00bb et  s&rsquo;exprime plut\u00f4t en anglais avec ses co\u00e9quipiers, m\u00eame s&rsquo;il se \u00ab\u00a0d\u00e9brouille\u00a0\u00bb en  arabe. \u00ab\u00a0Il a la m\u00eame importance que les autres joueurs, mais il apporte son  exp\u00e9rience internationale, puisqu&rsquo;il joue en Europe\u00a0\u00bb, souligne le s\u00e9lectionneur,  le Br\u00e9silien Marcos Paqueta.<\/span><\/div>\n<div style=\"margin-top: 0in; margin-right: 0in; margin-bottom: 10pt; margin-left: 0in\">\u00a0<span style=\"line-height: 115%; font-size: 10pt\">Alors le milieu d\u00e9fensif,  parfois compar\u00e9 \u00e0 Vieira, reste prudent d\u00e8s qu&rsquo;il s&rsquo;agit de commenter les  soubresauts politiques qui ont \u00e9maill\u00e9 le parcours des Libyens. \u00ab\u00a0On \u00e9vite d&rsquo;en  parler, on ne parle que foot\u00a0\u00bb, confie-t-il. \u00ab\u00a0D\u00e9j\u00e0 qu&rsquo;on avait beaucoup de temps  \u00e0 rattraper, alors si on ne se concentrait pas sur le foot&#8230; Pour nos matches \u00e0  domicile, on ne pouvait pas jouer \u00e0 Tripoli, alors on allait au Mali, en Egype.  Ca a \u00e9t\u00e9 un handicap de ne pas avoir notre douzi\u00e8me homme, notre public. Mais  ces difficult\u00e9s ont soud\u00e9 le groupe, on courait tous les uns pour les  autres\u00a0\u00bb.<\/span><\/div>\n<div style=\"margin-top: 0in; margin-right: 0in; margin-bottom: 10pt; margin-left: 0in\">\u00a0<\/p>\n<div style=\"margin-top: 0in; margin-right: 0in; margin-bottom: 10pt; margin-left: 0in\">Pour cette CAN, \u00ab\u00a0il ne faut pas penser trop  loin, soutient le Franco-Libyen. L&rsquo;objectif est de travailler ensemble,  d&rsquo;essayer de gagner le premier match et de se qualifier. On ne gagne pas la  Coupe comme \u00e7a. Le S\u00e9n\u00e9gal, la C\u00f4te d&rsquo;Ivoire et le Ghana auront la pression, pas  nous\u00a0\u00bb<\/div>\n<div style=\"margin-top: 0in; margin-right: 0in; margin-bottom: 10pt; margin-left: 0in\">Source\u00a0<\/div>\n<div style=\"margin-top: 0in; margin-right: 0in; margin-bottom: 10pt; margin-left: 0in\"><a href=\"http:\/\/fr.cafonline.com\/competition\/coupe-dafrique-des-nations_2012\/news\/12678-mahamat-les-tribulations-dun-franco-libyen.html\" title=\"www.cafonline.com\">CAFONELINE.COM <\/a><\/div>\n<\/div>\n<!-- AddThis Advanced Settings generic via filter on the_content --><!-- AddThis Share Buttons generic via filter on the_content -->","protected":false},"excerpt":{"rendered":"<p>\u00a0 Le milieu d\u00e9fensif franco-libyen Djamal Abdallah Mahamat, qui n&rsquo;aime pas \u00ab\u00a0m\u00e9langer foot et politique\u00a0\u00bb,&#8230;<!-- AddThis Advanced Settings generic via filter on get_the_excerpt --><!-- AddThis Share Buttons generic via filter on get_the_excerpt --><\/p>\n","protected":false},"author":1,"featured_media":509,"comment_status":"open","ping_status":"open","sticky":false,"template":"","format":"standard","meta":[],"categories":[7],"tags":[],"_links":{"self":[{"href":"https:\/\/amagep.co.za\/fr\/wp-json\/wp\/v2\/posts\/510"}],"collection":[{"href":"https:\/\/amagep.co.za\/fr\/wp-json\/wp\/v2\/posts"}],"about":[{"href":"https:\/\/amagep.co.za\/fr\/wp-json\/wp\/v2\/types\/post"}],"author":[{"embeddable":true,"href":"https:\/\/amagep.co.za\/fr\/wp-json\/wp\/v2\/users\/1"}],"replies":[{"embeddable":true,"href":"https:\/\/amagep.co.za\/fr\/wp-json\/wp\/v2\/comments?post=510"}],"version-history":[{"count":0,"href":"https:\/\/amagep.co.za\/fr\/wp-json\/wp\/v2\/posts\/510\/revisions"}],"wp:featuredmedia":[{"embeddable":true,"href":"https:\/\/amagep.co.za\/fr\/wp-json\/wp\/v2\/media\/509"}],"wp:attachment":[{"href":"https:\/\/amagep.co.za\/fr\/wp-json\/wp\/v2\/media?parent=510"}],"wp:term":[{"taxonomy":"category","embeddable":true,"href":"https:\/\/amagep.co.za\/fr\/wp-json\/wp\/v2\/categories?post=510"},{"taxonomy":"post_tag","embeddable":true,"href":"https:\/\/amagep.co.za\/fr\/wp-json\/wp\/v2\/tags?post=510"}],"curies":[{"name":"wp","href":"https:\/\/api.w.org\/{rel}","templated":true}]}}