{"id":503,"date":"2012-01-02T11:55:58","date_gmt":"2012-01-02T11:55:58","guid":{"rendered":"https:\/\/amagep.co.za\/fr\/2012\/01\/02\/moncef-marzouki-entame-sa-premiere-visite-officielle-en-libye\/"},"modified":"2012-01-02T11:55:58","modified_gmt":"2012-01-02T11:55:58","slug":"moncef-marzouki-entame-sa-premiere-visite-officielle-en-libye","status":"publish","type":"post","link":"https:\/\/amagep.co.za\/fr\/moncef-marzouki-entame-sa-premiere-visite-officielle-en-libye\/","title":{"rendered":"Moncef Marzouki entame sa premi\u00e8re visite officielle en Libye"},"content":{"rendered":"<p>Le pr\u00e9sident tunisien Moncef Marzouki est arriv\u00e9 lundi \u00e0 Tripoli pour sa premi\u00e8re visite \u00e0 l&rsquo;\u00e9tranger depuis sa prise de fonctions mi-d\u00e9cembre, a constat\u00e9 un photographe de l&rsquo;AFP.<\/p>\n<p> <!--more--> \u00a0\u00a0\u00a0\u00a0\u00a0\u00a0\u00a0\u00a0\u00a0\u00a0\u00a0\u00a0\u00a0 <br \/>A sa descente de l&rsquo;avion, M. Marzouki a \u00e9t\u00e9 accueilli par le chef du Conseil national de transition (CNT) Moustapha Abdeljalil et les membres du gouvernement libyen.<br \/>\u00a0\u00a0\u00a0\u00a0\u00a0\u00a0\u00a0\u00a0\u00a0\u00a0\u00a0\u00a0 \u00a0<br \/>Au cours de sa visite, il doit notamment s&rsquo;entretenir avec M. Abdeljalil et le chef du gouvernement Abdel Rahim al-Kib, avant de tenir une conf\u00e9rence de presse en fin de journ\u00e9e.<br \/>\u00a0\u00a0\u00a0\u00a0\u00a0\u00a0\u00a0\u00a0\u00a0\u00a0\u00a0\u00a0 \u00a0<br \/>La s\u00e9curit\u00e9 \u00e0 Ras Jdir, principal poste frontalier entre les deux pays,\u00a0 sera notamment \u00e9voqu\u00e9e.<br \/>\u00a0\u00a0\u00a0\u00a0\u00a0\u00a0\u00a0\u00a0\u00a0\u00a0\u00a0\u00a0 \u00a0<br \/>Des attaques contre ce poste par des Libyens ont provoqu\u00e9 la fermeture de la fronti\u00e8re \u00e0 plusieurs reprises depuis la chute du r\u00e9gime de Kadhafi en ao\u00fbt.<br \/>\u00a0\u00a0\u00a0\u00a0\u00a0\u00a0\u00a0\u00a0\u00a0\u00a0\u00a0\u00a0\u00a0 <\/p>\n<p>&nbsp;<\/p>\n<p>Source\u00a0<\/p>\n<p><a href=\"http:\/\/www.france24.com\/fr\/20120102-moncef-marzouki-president-tunisie-entame-premiere-visite-officielle-libye-tripoli-cnt-politique\" title=\"www.france24.com\">France24.com <\/a><\/p>\n<!-- AddThis Advanced Settings generic via filter on the_content --><!-- AddThis Share Buttons generic via filter on the_content -->","protected":false},"excerpt":{"rendered":"<p>Le pr\u00e9sident tunisien Moncef Marzouki est arriv\u00e9 lundi \u00e0 Tripoli pour sa premi\u00e8re visite \u00e0&#8230;<!-- AddThis Advanced Settings generic via filter on get_the_excerpt --><!-- AddThis Share Buttons generic via filter on get_the_excerpt --><\/p>\n","protected":false},"author":1,"featured_media":0,"comment_status":"open","ping_status":"open","sticky":false,"template":"","format":"standard","meta":[],"categories":[6],"tags":[],"_links":{"self":[{"href":"https:\/\/amagep.co.za\/fr\/wp-json\/wp\/v2\/posts\/503"}],"collection":[{"href":"https:\/\/amagep.co.za\/fr\/wp-json\/wp\/v2\/posts"}],"about":[{"href":"https:\/\/amagep.co.za\/fr\/wp-json\/wp\/v2\/types\/post"}],"author":[{"embeddable":true,"href":"https:\/\/amagep.co.za\/fr\/wp-json\/wp\/v2\/users\/1"}],"replies":[{"embeddable":true,"href":"https:\/\/amagep.co.za\/fr\/wp-json\/wp\/v2\/comments?post=503"}],"version-history":[{"count":0,"href":"https:\/\/amagep.co.za\/fr\/wp-json\/wp\/v2\/posts\/503\/revisions"}],"wp:attachment":[{"href":"https:\/\/amagep.co.za\/fr\/wp-json\/wp\/v2\/media?parent=503"}],"wp:term":[{"taxonomy":"category","embeddable":true,"href":"https:\/\/amagep.co.za\/fr\/wp-json\/wp\/v2\/categories?post=503"},{"taxonomy":"post_tag","embeddable":true,"href":"https:\/\/amagep.co.za\/fr\/wp-json\/wp\/v2\/tags?post=503"}],"curies":[{"name":"wp","href":"https:\/\/api.w.org\/{rel}","templated":true}]}}