{"id":5,"date":"2008-12-01T21:11:19","date_gmt":"2008-12-01T21:11:19","guid":{"rendered":"https:\/\/amagep.co.za\/fr\/2008\/12\/01\/docteur-david-kalombo-l-le-gouvernement-congolais-est-compose-daventuriers-le-peuple-doit-se-revolter-r\/"},"modified":"2008-12-01T21:11:19","modified_gmt":"2008-12-01T21:11:19","slug":"docteur-david-kalombo-l-le-gouvernement-congolais-est-compose-daventuriers-le-peuple-doit-se-revolter-r","status":"publish","type":"post","link":"https:\/\/amagep.co.za\/fr\/docteur-david-kalombo-l-le-gouvernement-congolais-est-compose-daventuriers-le-peuple-doit-se-revolter-r\/","title":{"rendered":"Docteur David Kalombo : \u00ab Le gouvernement congolais est compos\u00e9 d\u2019aventuriers, le peuple doit se r\u00e9volter \u00bb"},"content":{"rendered":"<table border=\"0\" width=\"100%\" height=\"274\">\n<tbody>\n<tr>\n<td height=\"100%\" valign=\"top\">\n<div style=\"width: 420px; margin-bottom: 15px\">\n<div><strong><font face=\"verdana\" size=\"2\"><br \/><\/font><\/strong><\/div>\n<\/p><\/div>\n<\/td>\n<\/tr>\n<tr>\n<td class=\"chapeau\" align=\"left\">\n<div class=\"spip_document_10056 spip_documents spip_documents_center\"><a class=\"thickbox\" href=\"http:\/\/www.afriquechos.ch\/IMG\/jpg\/equipe_projet_Sida_RSA.jpg\" title=\"JPEG - 118.1 ko\"><img loading=\"lazy\" src=\"http:\/\/www.afriquechos.ch\/IMG\/jpg\/equipe_projet_Sida_RSA.jpg\" border=\"0\" alt=\"JPEG - 118.1 ko\" width=\"400\" height=\"150\" \/><\/a>  <\/p>\n<div class=\"spip_doc_descriptif\" style=\"width: 350px\">L\u2019 \u00e9quipe du Projet Sida RSA<\/div>\n<\/div>\n<p class=\"spip\">M\u00e9decin congolais install\u00e9 en Afrique du Sud et responsable au sein d\u2019un vaste projet sida enfin ambitieux dans un pays qui a mis du temps \u00e0 s\u2019attaquer de front \u00e0 cette pand\u00e9mie, le docteur David Kalombo \u00e9voque cette maladie \u00e0 l\u2019occasion de la <a class=\"spip_out\" href=\"http:\/\/www.un.org\/french\/events\/aids\/\">journ\u00e9e internationale de lutte contre le sida<\/a> et la situation de son pays natal. Trois questions au docteur Kalombo.<\/p>\n<p> <!--more--> <\/td>\n<\/tr>\n<tr>\n<td class=\"textmilieu1\" align=\"left\">\n<p class=\"spip\"><strong class=\"spip\"><a class=\"spip_out\" href=\"http:\/\/www.afriquechos.ch\/spip.php?article3741\">Afriqu\u2019Echos Magazine (AEM)<\/a>\u00a0: En tant que Congolais install\u00e9 en Afrique du Sud, quel regard portez-vous sur la situation en RDC\u00a0?<\/strong><\/p>\n<p class=\"spip\"><strong class=\"spip\">Docteur David Kalombo\u00a0:<\/strong> J\u2019\u00e9tais \u00e0 Lubumbashi il y a deux semaines, le social, la sant\u00e9 et l\u2019\u00e9ducation sont dans un \u00e9tat catastrophique faute d\u2019un gouvernement responsable. C\u2019est une bande d\u2019aventuriers, incomp\u00e9tents et corrompus. Il est plus que temps que le chef de l\u2019\u00c9tat et le gouvernement prennent leurs responsabilit\u00e9s. Quant au peuple, il doit se r\u00e9veiller car il vit dans l\u2019enfer.<\/p>\n<p class=\"spip\"><strong class=\"spip\">Concernant le sida, le gouvernement de Thabo Mbeki avait tard\u00e9 \u00e0 prendre la mesure du probl\u00e8me gravissime pourtant, qu\u2019est ce qui a chang\u00e9 aujourd\u2019hui\u00a0?<\/strong><\/p>\n<p class=\"spip\">Le gouvernement sud-africain a mis en place un plan strat\u00e9gique ax\u00e9 sur la pr\u00e9vention, le traitement, le soutien aux malades, le respect des droits de l\u2019homme et un meilleur acc\u00e8s \u00e0 la justice en cas de besoin. Le traitement est gratuit et es h\u00f4pitaux d\u2019Etat sont tenus d\u2019assurer le m\u00eame accueil et le m\u00eame traitement aux nationaux et aux \u00e9trangers. Face aux rumeurs \u00e9voquant des \u00e9trangers qui seraient \u00e9conduits, en tant que responsable au sein du projet VIH, j\u2019avais \u00e9crit \u00e0 tous h\u00f4pitaux en les mettant en garde sur d\u2019\u00e9ventuelles discriminations. Cependant, nous sommes confront\u00e9s au nombre insuffisant des m\u00e9decins et des infirmiers pour accomplir tout le travail.<\/p>\n<p class=\"spip\"><strong class=\"spip\">Un message \u00e0 l\u2019occasion de la journ\u00e9e internationale de lutte contre le sida\u00a0?<\/strong><\/p>\n<p class=\"spip\">Il n\u2019existe pas encore de traitement du sida qui gu\u00e9rit, la seule gu\u00e9rison c\u2019est la pr\u00e9vention. Faites le test, prot\u00e9gez-vous et prot\u00e9gez les autres.<\/p>\n<p class=\"spip\">|<strong class=\"spip\">Interview r\u00e9alis\u00e9e par <a class=\"spip_out\" href=\"http:\/\/www.afriquechos.ch\/spip.php?article3741\">Alain Matundu ( pour AEM)<\/a><\/strong><\/p>\n<p class=\"spip\"><strong>Source<\/strong><\/p>\n<p class=\"spip\"><a href=\"http:\/\/www.afriquechos.ch\/spip.php?article3741\" target=\"_self\">www.afriquechos.ch<\/a><\/p>\n<\/td>\n<\/tr>\n<\/tbody>\n<\/table>\n<!-- AddThis Advanced Settings generic via filter on the_content --><!-- AddThis Share Buttons generic via filter on the_content -->","protected":false},"excerpt":{"rendered":"<p>L\u2019 \u00e9quipe du Projet Sida RSA M\u00e9decin congolais install\u00e9 en Afrique du Sud et responsable&#8230;<!-- AddThis Advanced Settings generic via filter on get_the_excerpt --><!-- AddThis Share Buttons generic via filter on get_the_excerpt --><\/p>\n","protected":false},"author":1,"featured_media":0,"comment_status":"open","ping_status":"open","sticky":false,"template":"","format":"standard","meta":[],"categories":[6],"tags":[],"_links":{"self":[{"href":"https:\/\/amagep.co.za\/fr\/wp-json\/wp\/v2\/posts\/5"}],"collection":[{"href":"https:\/\/amagep.co.za\/fr\/wp-json\/wp\/v2\/posts"}],"about":[{"href":"https:\/\/amagep.co.za\/fr\/wp-json\/wp\/v2\/types\/post"}],"author":[{"embeddable":true,"href":"https:\/\/amagep.co.za\/fr\/wp-json\/wp\/v2\/users\/1"}],"replies":[{"embeddable":true,"href":"https:\/\/amagep.co.za\/fr\/wp-json\/wp\/v2\/comments?post=5"}],"version-history":[{"count":0,"href":"https:\/\/amagep.co.za\/fr\/wp-json\/wp\/v2\/posts\/5\/revisions"}],"wp:attachment":[{"href":"https:\/\/amagep.co.za\/fr\/wp-json\/wp\/v2\/media?parent=5"}],"wp:term":[{"taxonomy":"category","embeddable":true,"href":"https:\/\/amagep.co.za\/fr\/wp-json\/wp\/v2\/categories?post=5"},{"taxonomy":"post_tag","embeddable":true,"href":"https:\/\/amagep.co.za\/fr\/wp-json\/wp\/v2\/tags?post=5"}],"curies":[{"name":"wp","href":"https:\/\/api.w.org\/{rel}","templated":true}]}}