{"id":486,"date":"2011-10-03T11:55:15","date_gmt":"2011-10-03T11:55:15","guid":{"rendered":"https:\/\/amagep.co.za\/fr\/2011\/10\/03\/eglise-de-la-bornele-pasteur-vernaud-nest-plus\/"},"modified":"2011-10-03T11:55:15","modified_gmt":"2011-10-03T11:55:15","slug":"eglise-de-la-bornele-pasteur-vernaud-nest-plus","status":"publish","type":"post","link":"https:\/\/amagep.co.za\/fr\/eglise-de-la-bornele-pasteur-vernaud-nest-plus\/","title":{"rendered":"Eglise de La Borne:Le Pasteur Vernaud n&rsquo;est plus"},"content":{"rendered":"<p><img loading=\"lazy\" class=\" size-full wp-image-485\" src=\"https:\/\/amagep.co.za\/fr\/wp-content\/uploads\/2011\/10\/pasteur-vernon.jpg\" border=\"0\" alt=\"Pasteur Jaques Vernon\" title=\"Pasteur Jaques Vernon\" width=\"362\" height=\"417\" srcset=\"https:\/\/amagep.co.za\/fr\/wp-content\/uploads\/2011\/10\/pasteur-vernon.jpg 362w, https:\/\/amagep.co.za\/fr\/wp-content\/uploads\/2011\/10\/pasteur-vernon-260x300.jpg 260w\" sizes=\"(max-width: 362px) 100vw, 362px\" \/><\/p>\n<p>Depuis Vendredi les internautes gospel ont cherche\u00b4 l\u00b4information qui  circulait sur la mort du Pasteur Vernaud fondateur de l\u00b4une des grandes  Eglises que compte la RD Congo,nous citons Eglise de la Borne , c\u00b4est ce  samedi que le site internet de cette communaute\u00b4eccliesiastique a  confirme\u00b4 la mort de cet homme de Dieu avec ces phrases\u00b4\u00b4Le Seigneur a  repris aupr\u00e8s de Lui son serviteur le Pasteur Vernaud depuis ce mercredi  soir, 28 septembre 2011 en Afrique du Sud\u00b4\u00b4..<\/p>\n<p> <!--more--> Toujours humble,le Pasteur Jacques Vernon a preche\u00b4 la parole de  Dieu avec des messages sur l\u00b4Amour de Dieu et du prochain, la  Repentance, le Pardon, la Grace, la priere, le Jeune&#8230;et sans  complexe.Beaucoup des hommes de Dieu qui ont eu la grace de bondir, sont  sortis de l\u00b4Ecole de cet homme de Dieu, nous pouvons citer Apotre  Gabriel Veyi respectivement responsable de l&rsquo; Eglise Sanctuaire Heritier  de la Promesse en Afrique du Sud,Pasteur Roland Dalo le responsable de  l\u00b4Eglise Parole du Salut,le Pasteur Chantre Gospel Blaise  Nsakila,Pasteur Ntimba le president des assenmbl\u00e9es de Dieu, Pasteur  Nsembe, Eglise de la Trinit\u00e9 a Righini dirige\u00e9 par le pasteur Masuaku et  tant d\u00b4autres&#8230; <\/p>\n<div>Sans doute,le Pasteur Jacques Vernon restera l\u00b4un des missionaires  evangeliques synonymes des benedictions pour la RD Congo, un pays non  seulement riche en minerais ,mais aussi en Gospel,car la communaute\u00b4 la  Borne a une bonne place au Congo et dans le monde. <\/div>\n<div>Le team <a href=\"http:\/\/amagep.co.za\/\" target=\"_blank\">Amagep.co.za<\/a>  s\u00b4associe aux chretiens de l\u00b4Eglise de la Borne pour pleurer le Pasteur  Jacques Vernon dans la Louange et l\u00b4Adoration pour la gloire de notre  seigneur Jesus Christ, le redempteur. \u00b4\u00b4<em>Qui dira qu\u00b4une chose arrive sans que l\u00b4Eternel l\u00b4ait ordonne\u00e9\u00b4\u00b4,<\/em>nous dit la Sainte Bible.<\/p>\n<p>Voici le programme des funerailles comme presente\u00b4 par l\u00b4Eglise de la Borne:<br \/>&#8211; Vendredi 07 octobre 2011 : Arriv\u00e9e de la d\u00e9pouille et veill\u00e9e mortuaire \u00e0 la cath\u00e9drale du centenaire protestant de Kinshasa<br \/>&#8211; Samedi 08 octobre 2011 : Enterrement au cimeti\u00e8re missionnaire de Sonabata dans le Bas-Congo.<\/div>\n<div>Une Parole d\u00b4encouragement lu pour vous sur le site <a href=\"http:\/\/www.laborne.cd\/\" target=\"_blank\">www.laborne.cd<\/a><br \/>\u00b4\u00b4Merci Seigneur pour ton amour immense dans la vie de ton esclave Jacques Vernaud.<br \/>Tu  l&rsquo;as fa\u00e7onn\u00e9, tu l&rsquo;as fait grandir et tu l&rsquo;as repris. Qu&rsquo;il demeure  dans ta sainte pr\u00e9sence dont il a parl\u00e9 toute sa vie et que Seigneur, tu  lui donnes une patrie (sa vigne)! J&rsquo;ai les larmes aux yeux pour ce  grand r\u00e9p\u00e8re de ma vie. <\/div>\n<div>Je pense \u00e9galement \u00e0 la chanson de Don Moen \u00ab\u00a0When it&rsquo;s all been  said and done\u00a0\u00bb. Quand tout est dit et tout est fait,&#8230;.Seigneur, tu me  fais rentrer dans ma vraie demeure.<\/div>\n<div>Mes fr\u00e8res et soeurs, le Pasteur a vaincu la bataille et la  couronne de vie lui est donn\u00e9e par J\u00e9sus-Christ. Pour lire sur la  biographie du Pasteur Jacques Vernon cliquez sur le lien ci-dessous:<\/div>\n<p><a href=\"http:\/\/www.laborne.cd\/index.php?option=com_content&#038;view=article&#038;id=51&#038;Itemid=61\" title=\"www.laborne.cd\">Laborne <\/a><\/p>\n<!-- AddThis Advanced Settings generic via filter on the_content --><!-- AddThis Share Buttons generic via filter on the_content -->","protected":false},"excerpt":{"rendered":"<p>Depuis Vendredi les internautes gospel ont cherche\u00b4 l\u00b4information qui circulait sur la mort du Pasteur&#8230;<!-- AddThis Advanced Settings generic via filter on get_the_excerpt --><!-- AddThis Share Buttons generic via filter on get_the_excerpt --><\/p>\n","protected":false},"author":1,"featured_media":485,"comment_status":"open","ping_status":"open","sticky":false,"template":"","format":"standard","meta":[],"categories":[9],"tags":[],"_links":{"self":[{"href":"https:\/\/amagep.co.za\/fr\/wp-json\/wp\/v2\/posts\/486"}],"collection":[{"href":"https:\/\/amagep.co.za\/fr\/wp-json\/wp\/v2\/posts"}],"about":[{"href":"https:\/\/amagep.co.za\/fr\/wp-json\/wp\/v2\/types\/post"}],"author":[{"embeddable":true,"href":"https:\/\/amagep.co.za\/fr\/wp-json\/wp\/v2\/users\/1"}],"replies":[{"embeddable":true,"href":"https:\/\/amagep.co.za\/fr\/wp-json\/wp\/v2\/comments?post=486"}],"version-history":[{"count":0,"href":"https:\/\/amagep.co.za\/fr\/wp-json\/wp\/v2\/posts\/486\/revisions"}],"wp:featuredmedia":[{"embeddable":true,"href":"https:\/\/amagep.co.za\/fr\/wp-json\/wp\/v2\/media\/485"}],"wp:attachment":[{"href":"https:\/\/amagep.co.za\/fr\/wp-json\/wp\/v2\/media?parent=486"}],"wp:term":[{"taxonomy":"category","embeddable":true,"href":"https:\/\/amagep.co.za\/fr\/wp-json\/wp\/v2\/categories?post=486"},{"taxonomy":"post_tag","embeddable":true,"href":"https:\/\/amagep.co.za\/fr\/wp-json\/wp\/v2\/tags?post=486"}],"curies":[{"name":"wp","href":"https:\/\/api.w.org\/{rel}","templated":true}]}}