{"id":484,"date":"2011-09-20T18:56:48","date_gmt":"2011-09-20T18:56:48","guid":{"rendered":"https:\/\/amagep.co.za\/fr\/2011\/09\/20\/bakunde-ilo-pablo-nest-plus\/"},"modified":"2011-09-20T18:56:48","modified_gmt":"2011-09-20T18:56:48","slug":"bakunde-ilo-pablo-nest-plus","status":"publish","type":"post","link":"https:\/\/amagep.co.za\/fr\/bakunde-ilo-pablo-nest-plus\/","title":{"rendered":"Bakunde Ilo Pablo n\u2019est plus"},"content":{"rendered":"<p>\u00a0<img loading=\"lazy\" class=\" size-full wp-image-483\" src=\"https:\/\/amagep.co.za\/fr\/wp-content\/uploads\/2011\/09\/ilo_pablo.jpg\" border=\"0\" width=\"403\" height=\"302\" srcset=\"https:\/\/amagep.co.za\/fr\/wp-content\/uploads\/2011\/09\/ilo_pablo.jpg 403w, https:\/\/amagep.co.za\/fr\/wp-content\/uploads\/2011\/09\/ilo_pablo-300x225.jpg 300w\" sizes=\"(max-width: 403px) 100vw, 403px\" \/><\/p>\n<p>Bakunde ilo Pablo, ancien batteur de Za\u00efko Langa Langa est d\u00e9c\u00e9d\u00e9 \u00e0 Kinshasa des suites d\u2019une longue maladie, selon une information livr\u00e9e ce jour par l\u2019asbl \u00ab Artiste en danger \u00bb qui, depuis plusieurs mois, ne cessait de multiplier des S.O.S en faveur de l\u2019artiste qui \u00e9tait alors hospitalis\u00e9 et dont l\u2019\u00e9tat \u00e9tait jug\u00e9 pr\u00e9occupant. Selon cette association, la n\u00e9cessit\u00e9 d\u2019une prise en charge et d\u2019une \u00e9vacuation vers l\u2019\u00e9tranger pour des soins appropri\u00e9s aurait permis \u00e0 Pablo de tenir, \u00e0 d\u00e9faut de s\u2019en sortir.<\/p>\n<p> <!--more--> <br \/>En 2008, des rumeurs l\u2019avaient annonc\u00e9 mort alors qu\u2019au cours de la m\u00eame ann\u00e9e, il avait pu b\u00e9n\u00e9ficier d\u2019un traitement m\u00e9dical \u00e0 Johannesbourg en Afrique du sud gr\u00e2ce \u00e0 l\u2019assurance sant\u00e9 de la Soci\u00e9t\u00e9 nationale d\u2019assurances (Sonas).<\/p>\n<p>Ancien batteur de Za\u00efko Langa Langa de 1974 \u00e0 1988, il a \u00e9t\u00e9 le co-fondateur de Za\u00efko Familia Dei n\u00e9 d\u2019une scission de Za\u00efko en 1988. Parmi les dissidents, on comptait notamment Bimi Ombale, Nsumbu Lengi Lenga alias Yha Lengos, J.P. Buse, Yvon Kabamba, Jimmy Yaba, Petit Poisson, Mandjeku, B\u00e9b\u00e9 Atalaku, Djo Moplat, Jo Maly, Jos\u00e9 Lema, Beniko Popolipo Z\u00e9ro faute&#8230; Au d\u00e9but des ann\u00e9es 90, cette formation musicale se fit remarquer avec la chanson \u00ab Oiseau rare \u00bb de Bakunde llo Pablo, et entreprit une longue tourn\u00e9e euro-am\u00e9ricaine. Depuis, Pablo n\u2019a plus \u00e9t\u00e9 actif sur la sc\u00e8ne. La derni\u00e8re fois qu\u2019on l\u2019a vu, en compagnie de ses anciens coll\u00e8gues, ce fut lors des retrouvailles \u00e0 l\u2019occasion de la sortie de prison du chanteur Evoloko Jocker.<\/p>\n<p>Bakunde Ilo Pablo qui, en 1974, fut incorpor\u00e9 dans Za\u00efko, en remplacement de Mary Joe (M\u00e9ridjo), arr\u00eat\u00e9 et transf\u00e9r\u00e9 \u00e0 Ekafela, dans la province de l\u2019Equateur, a sign\u00e9 les meilleures chansons de sa carri\u00e8re avec ce groupe. Dans le lot, on retrouve \u00ab Ando \u00bb et \u00ab Ndonge \u00bb (1974), \u00ab Eboza \u00bb (1975), \u00ab Alekanda \u00bb (1976), \u00ab Libota \u00bb et \u00ab Matata \u00bb (1977), \u00ab Feti \u00bb et \u00ab Mangobo \u00bb (1978), \u00ab Princesse Sanura \u00bb (1981), \u00ab Matsi ya Ilo \u00bb (1986)<br \/>\u00a0<\/p>\n<p>&nbsp;<\/p>\n<p>&nbsp;<\/p>\n<p>Sourece\u00a0<\/p>\n<p><a href=\"http:\/\/www.afriquechos.ch\/spip.php?article5333\" title=\"www.afrqieuchos.ch\">AFRIQUECHOS <\/a><\/p>\n<!-- AddThis Advanced Settings generic via filter on the_content --><!-- AddThis Share Buttons generic via filter on the_content -->","protected":false},"excerpt":{"rendered":"<p>\u00a0 Bakunde ilo Pablo, ancien batteur de Za\u00efko Langa Langa est d\u00e9c\u00e9d\u00e9 \u00e0 Kinshasa des&#8230;<!-- AddThis Advanced Settings generic via filter on get_the_excerpt --><!-- AddThis Share Buttons generic via filter on get_the_excerpt --><\/p>\n","protected":false},"author":1,"featured_media":483,"comment_status":"open","ping_status":"open","sticky":false,"template":"","format":"standard","meta":[],"categories":[8],"tags":[],"_links":{"self":[{"href":"https:\/\/amagep.co.za\/fr\/wp-json\/wp\/v2\/posts\/484"}],"collection":[{"href":"https:\/\/amagep.co.za\/fr\/wp-json\/wp\/v2\/posts"}],"about":[{"href":"https:\/\/amagep.co.za\/fr\/wp-json\/wp\/v2\/types\/post"}],"author":[{"embeddable":true,"href":"https:\/\/amagep.co.za\/fr\/wp-json\/wp\/v2\/users\/1"}],"replies":[{"embeddable":true,"href":"https:\/\/amagep.co.za\/fr\/wp-json\/wp\/v2\/comments?post=484"}],"version-history":[{"count":0,"href":"https:\/\/amagep.co.za\/fr\/wp-json\/wp\/v2\/posts\/484\/revisions"}],"wp:featuredmedia":[{"embeddable":true,"href":"https:\/\/amagep.co.za\/fr\/wp-json\/wp\/v2\/media\/483"}],"wp:attachment":[{"href":"https:\/\/amagep.co.za\/fr\/wp-json\/wp\/v2\/media?parent=484"}],"wp:term":[{"taxonomy":"category","embeddable":true,"href":"https:\/\/amagep.co.za\/fr\/wp-json\/wp\/v2\/categories?post=484"},{"taxonomy":"post_tag","embeddable":true,"href":"https:\/\/amagep.co.za\/fr\/wp-json\/wp\/v2\/tags?post=484"}],"curies":[{"name":"wp","href":"https:\/\/api.w.org\/{rel}","templated":true}]}}