{"id":482,"date":"2011-09-14T11:37:43","date_gmt":"2011-09-14T11:37:43","guid":{"rendered":"https:\/\/amagep.co.za\/fr\/2011\/09\/14\/rdc-kabila-vs-tshisekedi\/"},"modified":"2011-09-14T11:37:43","modified_gmt":"2011-09-14T11:37:43","slug":"rdc-kabila-vs-tshisekedi","status":"publish","type":"post","link":"https:\/\/amagep.co.za\/fr\/rdc-kabila-vs-tshisekedi\/","title":{"rendered":"RDC : Kabila vs Tshisekedi"},"content":{"rendered":"<p><img loading=\"lazy\" class=\" size-full wp-image-481\" src=\"https:\/\/amagep.co.za\/fr\/wp-content\/uploads\/2011\/09\/kabilavstshisekedi.jpg\" border=\"0\" alt=\"Kavila vs Tshisekedi\" title=\"Kavila vs Tshisekedi\" width=\"450\" height=\"257\" srcset=\"https:\/\/amagep.co.za\/fr\/wp-content\/uploads\/2011\/09\/kabilavstshisekedi.jpg 450w, https:\/\/amagep.co.za\/fr\/wp-content\/uploads\/2011\/09\/kabilavstshisekedi-300x171.jpg 300w\" sizes=\"(max-width: 450px) 100vw, 450px\" \/><\/p>\n<p>Le chef de l\u2019\u00c9tat sortant s\u2019est officiellement port\u00e9 candidat, le 21 ao\u00fbt. Face \u00e0 lui?: le Sphinx de Limete, l\u2019\u00e9ternel opposant revenu d\u2019exil. Mais \u00e0 trois mois de la pr\u00e9sidentielle congolaise, Jean-Pierre Bemba et Vital Kamerhe n\u2019ont pas dit leur dernier mot. Enjeux.<\/p>\n<p> <!--more--> <br \/>Avant la lutte \u00e9lectorale, la bataille des stades. De retour d\u2019une tourn\u00e9e qui l\u2019a conduit en Europe, aux \u00c9tats-Unis et en Afrique du Sud, l\u2019opposant \u00c9tienne Tshisekedi, candidat \u00e0 la pr\u00e9sidentielle du 28 novembre, s\u2019est livr\u00e9 \u00e0 une v\u00e9ritable d\u00e9monstration de force, le 9 ao\u00fbt dernier, \u00e0 Kinshasa. Dans un stade des Martyrs archicomble, il a redit sa volont\u00e9 d\u2019aller au bout d\u2019une marche irr\u00e9sistible vers son destin pr\u00e9sidentiel.<\/p>\n<p>Et pour ceux qui en doutaient encore, les troupes de l\u2019Union pour la d\u00e9mocratie et le progr\u00e8s social (UDPS) ont apport\u00e9 la preuve qu\u2019elles n\u2019avaient rien perdu de leur capacit\u00e9 de mobilisation. L\u2019exil m\u00e9dical de trois ans du leader revenu au pays en d\u00e9cembre dernier, le boycott hasardeux des \u00e9lections de 2006 et les dissensions internes au sein du parti n\u2019ont pas entach\u00e9 le charisme du Sphinx de Limete, aujourd\u2019hui \u00e2g\u00e9 de 79 ans. \u00c0 Kinshasa, tout du moins.<\/p>\n<p>Moins de deux semaines plus tard, la formation du chef de l\u2019\u00c9tat a tent\u00e9 de faire aussi bien lors de la cl\u00f4ture de son congr\u00e8s. Dans le m\u00eame stade, le 21 ao\u00fbt, par la voix de son secr\u00e9taire g\u00e9n\u00e9ral \u00c9variste Boshab mais en l\u2019absence du \u00ab patron \u00bb, le Parti du peuple pour la reconstruction et la d\u00e9mocratie (PPRD) a investi \u00ab le camarade Joseph Kabila \u00bb. Mais en termes de partisans mass\u00e9s, le vainqueur est l\u2019opposant.<\/p>\n<p>Avec ou sans triche<\/p>\n<p>\u00ab Le face-\u00e0-face entre Kabila et Tshisekedi se met en place \u00bb, assure-t-on dans l\u2019entourage du candidat de l\u2019UDPS. Quant au PPRD, il pr\u00e9pare une campagne qui s\u2019annonce ardue. \u00ab Le bilan du pr\u00e9sident sortant est mince \u00bb, r\u00e9sume un diplomate. De fait, les Congolais n\u2019ont pas vu grand-chose des cinq chantiers (infrastructures, eau et \u00e9lectricit\u00e9, sant\u00e9 et \u00e9ducation, habitat, et emploi) pr\u00e9sent\u00e9s en 2006. L\u2019exasp\u00e9ration des Kinois, confront\u00e9s \u00e0 d\u2019incessantes coupures d\u2019eau et d\u2019\u00e9lectricit\u00e9, pourrait bien s\u2019exprimer dans les urnes. De m\u00eame, la promesse d\u2019un retour \u00e0 la paix dans le Nord-Est est rest\u00e9e lettre morte. Et il n\u2019est pas certain que la majorit\u00e9 sortante, fragilis\u00e9e par des dissensions internes, puisse s\u00e9duire les \u00e9lecteurs. Mais Kabila a un gros avantage?: le scrutin \u00e0 un tour.<\/p>\n<p>\u00ab Si l\u2019opposition n\u2019est pas capable de s\u2019entendre sur une candidature unique, l\u2019arithm\u00e9tique sera implacable et la victoire est assur\u00e9e pour Kabila, avec ou sans triche \u00bb, assure le m\u00eame diplomate, qui s\u2019interroge sur l\u2019ind\u00e9pendance et la neutralit\u00e9 de la Commission \u00e9lectorale nationale ind\u00e9pendante (Ceni), pr\u00e9sid\u00e9e par Daniel Ngoy Mulunda, un proche du pr\u00e9sident. Ainsi, des enfants figureraient parmi les 32 millions d\u2019\u00e9lecteurs inscrits (des photos semblent l\u2019attester), ce qui ouvre la voie \u00e0 toutes les interpr\u00e9tations sur d\u2019\u00e9ventuels bourrages d\u2019urnes, la gestion de la t\u00e9l\u00e9transmission des r\u00e9sultats le jour du vote et le contr\u00f4le du logiciel informatique charg\u00e9 de compiler l\u2019ensemble des donn\u00e9es. Les opposants exigent un audit du fichier central de la Ceni. \u00ab Ce fichier est une bo\u00eete noire et il y a des anomalies dans le recensement?: 7 millions d\u2019\u00e9lecteurs en plus par rapport \u00e0 2006, cela para\u00eet beaucoup \u00bb, remarque un expert international.<\/p>\n<p>\u00ab Les bailleurs de fonds doivent se montrer plus insistants et ne peuvent plus se cacher derri\u00e8re le principe de non-ing\u00e9rence alors qu\u2019ils financent le processus \u00e9lectoral \u00bb, lance Vital Kamerhe, l\u2019ancien pr\u00e9sident de l\u2019Assembl\u00e9e nationale, bien d\u00e9cid\u00e9, lui aussi, \u00e0 jouer les premiers r\u00f4les dans cette conqu\u00eate de la magistrature supr\u00eame, ou tout du moins dans la mise en \u00e9chec de Kabila.<\/p>\n<p>Cela passe par une entente. Un \u00ab ticket \u00bb, selon le candidat de l\u2019Union pour la nation congolaise (UNC). En clair?: un champion pour la pr\u00e9sidentielle d\u00e9sign\u00e9 et soutenu par une alliance de partis, un nom pour le poste de Premier ministre, des garanties sur une juste r\u00e9partition des portefeuilles minist\u00e9riels et des assurances pour un \u00e9quilibre \u00e0 l\u2019Assembl\u00e9e nationale et au S\u00e9nat. Probl\u00e8me?: les appels de Vital Kamerhe n\u2019ont pour l\u2019heure pas \u00e9t\u00e9 entendus. Du c\u00f4t\u00e9 de l\u2019UDPS, on est dispos\u00e9 \u00e0 parler \u00ab de tout \u00bb, sauf de la candidature de Tshisekedi, qui est soutenue par 24 partis suppl\u00e9mentaires depuis le 24 ao\u00fbt et qui \u00ab n\u2019est pas discutable \u00bb. \u00ab Les jeux sont clairs et chacun voit bien que notre candidat est le mieux plac\u00e9 \u00bb, assure-t-on dans son entourage. \u00ab Je demande \u00e0 Tshisekedi un peu plus d\u2019humilit\u00e9 et d\u2019\u00e9l\u00e9gance \u00bb, r\u00e9plique Kamerhe. Ambiance.<\/p>\n<p>Tenir la baraque<\/p>\n<p>\u00c0 d\u00e9faut de parvenir \u00e0 s\u2019entendre avec Tshisekedi, Kamerhe pourrait se rapprocher de Jean-Pierre Bemba, qui, depuis sa cellule de La Haye, a d\u00e9clar\u00e9 qu\u2019il d\u00e9fendrait les couleurs du Mouvement de lib\u00e9ration du Congo (MLC), et de L\u00e9on Kengo wa Dondo, l\u2019actuel pr\u00e9sident du S\u00e9nat \u00e0 la t\u00eate de l\u2019Union des forces du changement (UFC), cr\u00e9\u00e9e en juillet dernier. \u00ab Les discussions avancent vite et bien. Nous sommes proches d\u2019un accord \u00bb, assure Kamerhe.<\/p>\n<p>\u00ab Le MLC fournit son exp\u00e9rience et son poids dans l\u2019ouest du pays, Kamerhe est populaire dans l\u2019Est et Kengo apporte un appoint non n\u00e9gligeable car chaque voix comptera \u00bb, explique Fid\u00e8le Babala, l\u2019homme de Bemba \u00e0 Kinshasa, charg\u00e9 de tenir la \u00ab baraque \u00bb en l\u2019absence du chairman.<\/p>\n<p>Sauf que le m\u00eame Babala prend soin de souligner que la candidature de Bemba est \u00ab plus que jamais d\u2019actualit\u00e9 \u00bb. Sous-entendu?: les autres devront se ranger derri\u00e8re lui. Poursuivi pour les exactions commises par ses hommes en Centrafrique entre 2002 et 2003, le challengeur de 2006 est en attente de son jugement. Celui-ci pourrait intervenir en d\u00e9cembre. Mais dans son entourage, on veut toujours y croire. Malgr\u00e9 un premier refus de la Chambre de premi\u00e8re instance de la Cour p\u00e9nale internationale (CPI) rendu public le 19 ao\u00fbt, une libert\u00e9 provisoire est toujours possible.<\/p>\n<p>Cela permettrait \u00e0 Bemba de venir \u00e0 Kinshasa pour s\u2019inscrire \u00e0 temps sur la liste \u00e9lectorale et ainsi valider son entr\u00e9e en course \u2013 la date limite pour le d\u00e9p\u00f4t des candidatures est le 11 septembre. Mais personne n\u2019est oblig\u00e9 de croire \u00e0 un tel sc\u00e9nario. <\/p>\n<p>&nbsp;<\/p>\n<p>Source\u00a0<\/p>\n<p><a href=\"http:\/\/www.afriquechos.ch\/spip.php?article5335\" title=\"www.afriquechos.ch\">AFRIQUECHOS.CH <\/a><\/p>\n<!-- AddThis Advanced Settings generic via filter on the_content --><!-- AddThis Share Buttons generic via filter on the_content -->","protected":false},"excerpt":{"rendered":"<p>Le chef de l\u2019\u00c9tat sortant s\u2019est officiellement port\u00e9 candidat, le 21 ao\u00fbt. Face \u00e0 lui?:&#8230;<!-- AddThis Advanced Settings generic via filter on get_the_excerpt --><!-- AddThis Share Buttons generic via filter on get_the_excerpt --><\/p>\n","protected":false},"author":1,"featured_media":481,"comment_status":"open","ping_status":"open","sticky":false,"template":"","format":"standard","meta":[],"categories":[6],"tags":[],"_links":{"self":[{"href":"https:\/\/amagep.co.za\/fr\/wp-json\/wp\/v2\/posts\/482"}],"collection":[{"href":"https:\/\/amagep.co.za\/fr\/wp-json\/wp\/v2\/posts"}],"about":[{"href":"https:\/\/amagep.co.za\/fr\/wp-json\/wp\/v2\/types\/post"}],"author":[{"embeddable":true,"href":"https:\/\/amagep.co.za\/fr\/wp-json\/wp\/v2\/users\/1"}],"replies":[{"embeddable":true,"href":"https:\/\/amagep.co.za\/fr\/wp-json\/wp\/v2\/comments?post=482"}],"version-history":[{"count":0,"href":"https:\/\/amagep.co.za\/fr\/wp-json\/wp\/v2\/posts\/482\/revisions"}],"wp:featuredmedia":[{"embeddable":true,"href":"https:\/\/amagep.co.za\/fr\/wp-json\/wp\/v2\/media\/481"}],"wp:attachment":[{"href":"https:\/\/amagep.co.za\/fr\/wp-json\/wp\/v2\/media?parent=482"}],"wp:term":[{"taxonomy":"category","embeddable":true,"href":"https:\/\/amagep.co.za\/fr\/wp-json\/wp\/v2\/categories?post=482"},{"taxonomy":"post_tag","embeddable":true,"href":"https:\/\/amagep.co.za\/fr\/wp-json\/wp\/v2\/tags?post=482"}],"curies":[{"name":"wp","href":"https:\/\/api.w.org\/{rel}","templated":true}]}}