{"id":478,"date":"2011-08-19T13:57:33","date_gmt":"2011-08-19T13:57:33","guid":{"rendered":"https:\/\/amagep.co.za\/fr\/2011\/08\/19\/zaiko-langa-langa-reintegration-du-chanteur-lola-mwana\/"},"modified":"2011-08-19T13:57:33","modified_gmt":"2011-08-19T13:57:33","slug":"zaiko-langa-langa-reintegration-du-chanteur-lola-mwana","status":"publish","type":"post","link":"https:\/\/amagep.co.za\/fr\/zaiko-langa-langa-reintegration-du-chanteur-lola-mwana\/","title":{"rendered":"Za\u00efko Langa Langa : R\u00e9int\u00e9gration du chanteur Lola Mwana"},"content":{"rendered":"<p><img loading=\"lazy\" class=\" size-full wp-image-477\" src=\"https:\/\/amagep.co.za\/fr\/wp-content\/uploads\/2011\/08\/lola_mwana.jpg\" border=\"0\" width=\"396\" height=\"297\" srcset=\"https:\/\/amagep.co.za\/fr\/wp-content\/uploads\/2011\/08\/lola_mwana.jpg 396w, https:\/\/amagep.co.za\/fr\/wp-content\/uploads\/2011\/08\/lola_mwana-300x225.jpg 300w\" sizes=\"(max-width: 396px) 100vw, 396px\" \/><\/p>\n<p>\u00ab Nous avons \u00e9chang\u00e9 hier et je viens de signer sa lettre de r\u00e9int\u00e9gration il y a 5 minutes \u00bb : propos de Jossart N\u2019Yoka Longo, le pr\u00e9sident du groupe Za\u00efko Langa-Langa confirmant, en ce mercredi 17 ao\u00fbt, le retour de Lola Mwana. <\/p>\n<p> <!--more--> <\/p>\n<p>&nbsp;<\/p>\n<p>La question \u00e9tait \u00e0 l\u2019ordre du jour depuis plusieurs mois, mais le leader de Za\u00efko Langa-Langa avait d\u00e9cid\u00e9 de prendre son temps. Absorb\u00e9 par les travaux de r\u00e9alisation du nouveau maxi single, il s\u2019est donc donn\u00e9 un temps de r\u00e9flexion avant de prendre une d\u00e9cision. Entretemps, le chanteur \u00e9tait devenu coutumier des concerts de Za\u00efko Langa-Langa au cours desquels il interpr\u00e9tait 2 \u00e0 3 chansons.<\/p>\n<p>\u00a0<br \/>Le retour du fils de feu Dindo Yogo intervient quelques semaines apr\u00e8s la sortie sur le march\u00e9 d\u2019un CD 4 titres, \u00ab Bande annonce \u00bb, qui servira de pr\u00e9lude au prochain album de Za\u00efko Langa Langa. Le chanteur \u00e0 la voix cass\u00e9e rejoint une attaque chant en pleine restructuration, qui sera renforc\u00e9e avec le recrutement en cours. \u00ab L\u2019on s\u2019en occupe avec ( l\u2019ing\u00e9nieur de son) Zola Tempo \u00bb, pr\u00e9cise N\u2019Yoka Longo.<\/p>\n<p>Un recrutement tant souhait\u00e9 et que l\u2019on esp\u00e8re, dans l\u2019entourage de ce groupe mythique, qu\u2019il se poursuivra au coup par coup et dans le respect de l\u2019esprit et du savoir-\u00eatre de Za\u00efko Langa Langa pour un rendement maximal d\u00e9j\u00e0 dans l\u2019album \u00e0 venir. N\u2019Yoka Longo ne disait-il pas, un jour, qu\u2019il ne suffit pas d\u2019\u00eatre un bon chanteur, encore faut-il s\u2019impr\u00e9gner du style et de l\u2019esprit Za\u00efko pour pouvoir y \u00e9voluer ? Pour ce qui concerne Lola Mwana, au moins, il poss\u00e8de les qualit\u00e9s requises et le chanteur a sa place dans le groupe : \u00e9lev\u00e9 dans l\u2019esprit Za\u00efko, il ma\u00eetrise le r\u00e9pertoire, a une bonne tenue, de l\u2019assurance et de l\u2019endurance sur sc\u00e8ne, joue de plusieurs instruments dont la batterie, la basse, la guitare rythmique, les congas, se r\u00e9v\u00e8le un bon danseur&#8230;<\/p>\n<p>Lors de son interview accord\u00e9e \u00e0 AEM au mois d\u2019avril, le chanteur avait promis de, cette fois, rester le plus longtemps possible dans Za\u00efko Langa Langa : \u00ab Je ne veux pas sombrer dans les oubliettes. Je suis un enfant prodigue qui revient chez lui \u00e0 la maison. Papa Jossart est mon p\u00e8re et Za\u00efko Langa Langa, c\u2019est ma maison ! J\u2019ai encore beaucoup \u00e0 apporter. Je tiens surtout \u00e0 pr\u00e9server l\u2019image et \u00e0 perp\u00e9tuer le nom de mon d\u00e9funt p\u00e8re Dindo Yogo qui, lui aussi, appartient \u00e0 la famille Za\u00efko. Et puis, par rapport \u00e0 ma carri\u00e8re, c\u2019est plut\u00f4t un nouveau d\u00e9part apr\u00e8s tout ce temps o\u00f9 je suis rest\u00e9 \u00e0 la maison sans rien faire et ne sachant o\u00f9 aller, \u00e0 quelle autre porte frapper. \u00bb| <br \/>\u00a0<\/p>\n<p>Source\u00a0<\/p>\n<p><a href=\"http:\/\/www.afriquechos.ch\/spip.php?article5315\" title=\"www.afriquechos.ch\">AFRIQUECHOS.CH <\/a><\/p>\n<!-- AddThis Advanced Settings generic via filter on the_content --><!-- AddThis Share Buttons generic via filter on the_content -->","protected":false},"excerpt":{"rendered":"<p>\u00ab Nous avons \u00e9chang\u00e9 hier et je viens de signer sa lettre de r\u00e9int\u00e9gration il&#8230;<!-- AddThis Advanced Settings generic via filter on get_the_excerpt --><!-- AddThis Share Buttons generic via filter on get_the_excerpt --><\/p>\n","protected":false},"author":1,"featured_media":477,"comment_status":"open","ping_status":"open","sticky":false,"template":"","format":"standard","meta":[],"categories":[8],"tags":[],"_links":{"self":[{"href":"https:\/\/amagep.co.za\/fr\/wp-json\/wp\/v2\/posts\/478"}],"collection":[{"href":"https:\/\/amagep.co.za\/fr\/wp-json\/wp\/v2\/posts"}],"about":[{"href":"https:\/\/amagep.co.za\/fr\/wp-json\/wp\/v2\/types\/post"}],"author":[{"embeddable":true,"href":"https:\/\/amagep.co.za\/fr\/wp-json\/wp\/v2\/users\/1"}],"replies":[{"embeddable":true,"href":"https:\/\/amagep.co.za\/fr\/wp-json\/wp\/v2\/comments?post=478"}],"version-history":[{"count":0,"href":"https:\/\/amagep.co.za\/fr\/wp-json\/wp\/v2\/posts\/478\/revisions"}],"wp:featuredmedia":[{"embeddable":true,"href":"https:\/\/amagep.co.za\/fr\/wp-json\/wp\/v2\/media\/477"}],"wp:attachment":[{"href":"https:\/\/amagep.co.za\/fr\/wp-json\/wp\/v2\/media?parent=478"}],"wp:term":[{"taxonomy":"category","embeddable":true,"href":"https:\/\/amagep.co.za\/fr\/wp-json\/wp\/v2\/categories?post=478"},{"taxonomy":"post_tag","embeddable":true,"href":"https:\/\/amagep.co.za\/fr\/wp-json\/wp\/v2\/tags?post=478"}],"curies":[{"name":"wp","href":"https:\/\/api.w.org\/{rel}","templated":true}]}}