{"id":474,"date":"2011-08-05T00:00:00","date_gmt":"2011-08-05T00:00:00","guid":{"rendered":"https:\/\/amagep.co.za\/fr\/2011\/08\/05\/afrique-du-sud-lajokaka-pour-soutenir-laction-de-joseph-kabila\/"},"modified":"2011-08-05T00:00:00","modified_gmt":"2011-08-05T00:00:00","slug":"afrique-du-sud-lajokaka-pour-soutenir-laction-de-joseph-kabila","status":"publish","type":"post","link":"https:\/\/amagep.co.za\/fr\/afrique-du-sud-lajokaka-pour-soutenir-laction-de-joseph-kabila\/","title":{"rendered":"Afrique du sud : L\u2019AJOKAKA pour soutenir l\u2019action de Joseph Kabila"},"content":{"rendered":"<p><img loading=\"lazy\" class=\" size-full wp-image-473\" src=\"https:\/\/amagep.co.za\/fr\/wp-content\/uploads\/2011\/08\/ajokaka.jpg\" border=\"0\" width=\"404\" height=\"177\" \/><\/p>\n<p>Pour sa premi\u00e8re sortie, ce dimanche 7 ao\u00fbt 2011, \u00e0 partir de 13h00, l\u2019association Les Amis de Joseph Kabila Kabange, AJOKAKA en sigle, invite les Congolais d\u2019Afrique du sud \u00e0 venir nombreux \u00e0 la rencontre qu\u2019elle organise \u00e0 la grande salle r\u00e9cr\u00e9ative de Yeoville pr\u00e8s de Johannesbourg.<\/p>\n<p>  <!--more-->  <\/p>\n<p>Cette nouvelle structure est le prolongement de l\u2019AVPR, l\u2019association des volontaires pour le retour au pays, ayant pour objectifs d\u2019apporter assistance \u00e0 la communaut\u00e9 congolaise d\u2019Afrique du sud et de soutenir l\u2019action concr\u00e8te du chef de l\u2019\u00c9tat congolais dans le cadre de son programme des Cinq chantiers.<\/p>\n<p>\u00a0<\/p>\n<p>Aux yeux de ses dirigeants et de ses membres, l\u2019action de Joseph Kabila m\u00e9rite d\u2019\u00eatre accompagn\u00e9e et soutenue par des propositions et critiques constructives. Selon ses dirigeants, cette restructuration rel\u00e8ve de la n\u00e9cessit\u00e9 d\u2019\u00e9tendre les activit\u00e9s de l\u2019association aux communaut\u00e9s congolaises de la r\u00e9gion d\u2019Afrique australe.<\/p>\n<p>\u00a0<\/p>\n<p>\u00c0 son actif, l\u2019association, pr\u00e9sid\u00e9e par son fondateur King Fabrice Zombi Kavabioko assist\u00e9 par le secr\u00e9taire g\u00e9n\u00e9ral et porte-parole Guy Kilundu Giwisina, a notamment apport\u00e9 assistance \u00e0 des familles \u00e9plor\u00e9es en Afrique du sud, ainsi qu\u2019\u00e0 des nombreuses personnes en difficult\u00e9.<\/p>\n<p>\u00a0<\/p>\n<p>Elle a par ailleurs financ\u00e9 le retour volontaire des compatriotes en RDC. L\u2019association a \u00e9galement assur\u00e9 l\u2019interface pour les Congolais de la diaspora int\u00e9ress\u00e9s \u00e0 aller investir au Congo.<\/p>\n<p>Source<\/p>\n<p>\u00a0<\/p>\n<p><a href=\"http:\/\/www.afriquechos.ch\/spip.php?article5239\">AFRIQUECHOS.CH <\/a><\/p>\n<!-- AddThis Advanced Settings generic via filter on the_content --><!-- AddThis Share Buttons generic via filter on the_content -->","protected":false},"excerpt":{"rendered":"<p>Pour sa premi\u00e8re sortie, ce dimanche 7 ao\u00fbt 2011, \u00e0 partir de 13h00, l\u2019association Les&#8230;<!-- AddThis Advanced Settings generic via filter on get_the_excerpt --><!-- AddThis Share Buttons generic via filter on get_the_excerpt --><\/p>\n","protected":false},"author":1,"featured_media":473,"comment_status":"open","ping_status":"open","sticky":false,"template":"","format":"standard","meta":[],"categories":[6],"tags":[],"_links":{"self":[{"href":"https:\/\/amagep.co.za\/fr\/wp-json\/wp\/v2\/posts\/474"}],"collection":[{"href":"https:\/\/amagep.co.za\/fr\/wp-json\/wp\/v2\/posts"}],"about":[{"href":"https:\/\/amagep.co.za\/fr\/wp-json\/wp\/v2\/types\/post"}],"author":[{"embeddable":true,"href":"https:\/\/amagep.co.za\/fr\/wp-json\/wp\/v2\/users\/1"}],"replies":[{"embeddable":true,"href":"https:\/\/amagep.co.za\/fr\/wp-json\/wp\/v2\/comments?post=474"}],"version-history":[{"count":0,"href":"https:\/\/amagep.co.za\/fr\/wp-json\/wp\/v2\/posts\/474\/revisions"}],"wp:featuredmedia":[{"embeddable":true,"href":"https:\/\/amagep.co.za\/fr\/wp-json\/wp\/v2\/media\/473"}],"wp:attachment":[{"href":"https:\/\/amagep.co.za\/fr\/wp-json\/wp\/v2\/media?parent=474"}],"wp:term":[{"taxonomy":"category","embeddable":true,"href":"https:\/\/amagep.co.za\/fr\/wp-json\/wp\/v2\/categories?post=474"},{"taxonomy":"post_tag","embeddable":true,"href":"https:\/\/amagep.co.za\/fr\/wp-json\/wp\/v2\/tags?post=474"}],"curies":[{"name":"wp","href":"https:\/\/api.w.org\/{rel}","templated":true}]}}