{"id":471,"date":"2011-07-05T00:00:00","date_gmt":"2011-07-05T00:00:00","guid":{"rendered":"https:\/\/amagep.co.za\/fr\/2011\/07\/05\/30-juin-2011-des-patriotes-congolais-en-qpelerins-indignesq-contre-le-viol-ont-entame-une-procession-de-14-jours-paris-bruxelles-309-km\/"},"modified":"2011-07-05T00:00:00","modified_gmt":"2011-07-05T00:00:00","slug":"30-juin-2011-des-patriotes-congolais-en-qpelerins-indignesq-contre-le-viol-ont-entame-une-procession-de-14-jours-paris-bruxelles-309-km","status":"publish","type":"post","link":"https:\/\/amagep.co.za\/fr\/30-juin-2011-des-patriotes-congolais-en-qpelerins-indignesq-contre-le-viol-ont-entame-une-procession-de-14-jours-paris-bruxelles-309-km\/","title":{"rendered":"30 juin 2011: Des Patriotes Congolais en \u00ab\u00a0P\u00e8lerins indign\u00e9s\u00a0\u00bb contre le viol ont entam\u00e9 une procession de 14 jours Paris-Bruxelles 309 km"},"content":{"rendered":"<p><img loading=\"lazy\" class=\" size-full wp-image-470\" src=\"https:\/\/amagep.co.za\/fr\/wp-content\/uploads\/2011\/07\/patriote.jpg\" border=\"0\" width=\"452\" height=\"226\" \/><\/p>\n<p><font face=\"'times new roman', times\" class=\"Apple-style-span\"><em>\u00a0<span style=\"line-height: 18px; color: #222222; font-size: large\" class=\"Apple-style-span\"><strong><font color=\"#000000\"><font size=\"2\" style=\"font-size: 11pt\">Paris-Bruxelles 309 km \u00e0 pieds contre le f\u00e9minicide au Congo. Photos R\u00e9veil-FM<\/font><\/font><\/strong><\/span><\/em><\/font><\/p>\n<address><\/address>\n<p>Contre le f\u00e9minicide dont sont victimes chaque jour des femmes congolaises dans l&rsquo;abandon complet d&rsquo;un pouvoir qui ne sait pa proteger ses citoyens, des patriotes \u00ab\u00a0Indign\u00e9s\u00a0\u00bb ont entam\u00e9 une marche \u00e0 pieds le 30 juin 2011 qui marque l&rsquo;an un du nouveau cinquantenaire de la R\u00e9publique d\u00e9mocratique du Congo.  <!--more--> \u00a0309 km Paris-Bruxelles pour porter une plainte en bonne et due forme contre l\u2019innommable: 48 femmes congolaises sont viol\u00e9es par heure au Congo dit d\u00e9mocratique.<\/p>\n<p>Paris-Bruxelles 309 km \u00e0 pieds contre le f\u00e9minicide au Congo. Photos R\u00e9veil-FM<\/p>\n<p>Des hommes congolais et femmes congolaises sont d\u00e9termin\u00e9s \u00e0 aller jusqu&rsquo;au bout dans leur engagement pour briser le silence. Un silence \u00e9tourdissant qui a dur\u00e9 14 ans. La marche Paris-Bruxelles est f\u00e9d\u00e9ratrice de la majorit\u00e9 de Congolais de l&rsquo;Etranger. Une grande premi\u00e8re dans le monde qui sera grav\u00e9 dans l&rsquo;histoire de la diaspora congolaise. L&rsquo;initiative de l&rsquo;AJES appuy\u00e9e par \u00ab\u00a0Ni Putes, Ni Soumises\u00a0\u00bb est d\u00e9j\u00e0 une grande r\u00e9ussite, concr\u00e9tis\u00e9e par une grande marche \u00ab\u00a0Ni Viol\u00e9es, Ni Pers\u00e9cut\u00e9es\u00a0\u00bb. \u00ab\u00a0Kabila d\u00e9gage\u00a0\u00bb a d\u00e9j\u00e0 son site www.kabila degage.com, nous apprend le grand r\u00e9sistant Odon Mbo. <\/p>\n<p>&nbsp;<\/p>\n<p>Source:\u00a0<a href=\"http:\/\/www.lepost.fr\/article\/2011\/07\/03\/2539800_30-juin-2011-des-patriotes-congolais-en-pelerins-indignes-contre-le-viol-ont-entame-une-procession-de-14-jours-paris-bruxelles-309-km.html%20.\">www.lepost.fr<\/a>\u00a0<\/p>\n<!-- AddThis Advanced Settings generic via filter on the_content --><!-- AddThis Share Buttons generic via filter on the_content -->","protected":false},"excerpt":{"rendered":"<p>\u00a0Paris-Bruxelles 309 km \u00e0 pieds contre le f\u00e9minicide au Congo. Photos R\u00e9veil-FM Contre le f\u00e9minicide&#8230;<!-- AddThis Advanced Settings generic via filter on get_the_excerpt --><!-- AddThis Share Buttons generic via filter on get_the_excerpt --><\/p>\n","protected":false},"author":1,"featured_media":470,"comment_status":"open","ping_status":"open","sticky":false,"template":"","format":"standard","meta":[],"categories":[5],"tags":[],"_links":{"self":[{"href":"https:\/\/amagep.co.za\/fr\/wp-json\/wp\/v2\/posts\/471"}],"collection":[{"href":"https:\/\/amagep.co.za\/fr\/wp-json\/wp\/v2\/posts"}],"about":[{"href":"https:\/\/amagep.co.za\/fr\/wp-json\/wp\/v2\/types\/post"}],"author":[{"embeddable":true,"href":"https:\/\/amagep.co.za\/fr\/wp-json\/wp\/v2\/users\/1"}],"replies":[{"embeddable":true,"href":"https:\/\/amagep.co.za\/fr\/wp-json\/wp\/v2\/comments?post=471"}],"version-history":[{"count":0,"href":"https:\/\/amagep.co.za\/fr\/wp-json\/wp\/v2\/posts\/471\/revisions"}],"wp:featuredmedia":[{"embeddable":true,"href":"https:\/\/amagep.co.za\/fr\/wp-json\/wp\/v2\/media\/470"}],"wp:attachment":[{"href":"https:\/\/amagep.co.za\/fr\/wp-json\/wp\/v2\/media?parent=471"}],"wp:term":[{"taxonomy":"category","embeddable":true,"href":"https:\/\/amagep.co.za\/fr\/wp-json\/wp\/v2\/categories?post=471"},{"taxonomy":"post_tag","embeddable":true,"href":"https:\/\/amagep.co.za\/fr\/wp-json\/wp\/v2\/tags?post=471"}],"curies":[{"name":"wp","href":"https:\/\/api.w.org\/{rel}","templated":true}]}}