{"id":461,"date":"2011-06-06T13:19:00","date_gmt":"2011-06-06T13:19:00","guid":{"rendered":"https:\/\/amagep.co.za\/fr\/2011\/06\/06\/avec-ollanta-humala-le-perou-opere-un-virage-a-gauche\/"},"modified":"2011-06-06T13:19:00","modified_gmt":"2011-06-06T13:19:00","slug":"avec-ollanta-humala-le-perou-opere-un-virage-a-gauche","status":"publish","type":"post","link":"https:\/\/amagep.co.za\/fr\/avec-ollanta-humala-le-perou-opere-un-virage-a-gauche\/","title":{"rendered":"Avec Ollanta Humala, le P\u00e9rou op\u00e8re un virage \u00e0 gauche"},"content":{"rendered":"<p>Sur la base de r\u00e9sultats partiels, le candidat nationaliste de gauche, Ollanta Humala, a proclam\u00e9 sa victoire \u00e0 la pr\u00e9sidentielle p\u00e9ruvienne.<\/p>\n<p> <!--more--> <\/p>\n<p>Retour sur le parcours d&rsquo;un ancien militaire r\u00e9put\u00e9 proche du num\u00e9ro un v\u00e9n\u00e9zu\u00e9lien, Hugo Chavez. <\/p>\n<p>\u00ab\u00a0Nous avons gagn\u00e9\u00a0\u00bb, a proclam\u00e9, d\u00e8s dimanche soir, Ollanta Humala, 49 ans, le candidat de gauche \u00e0 l&rsquo;\u00e9lection pr\u00e9sidentielle p\u00e9ruvienne. Les r\u00e9sultats d\u00e9finitifs n\u2019ont pas encore \u00e9t\u00e9 publi\u00e9s mais des chiffres provisoires le donnent vainqueur avec 50,7 % des suffrages. En annon\u00e7ant sa victoire, Ollanta Humala met fin \u00e0 une bataille \u00e9lectorale acharn\u00e9e qui l&rsquo;opposait \u00e0 Keiko Fujimori, 36 ans, fille a\u00een\u00e9e de l\u2019ancien dictateur Alberto Fujimori (1990-2000) condamn\u00e9 \u00e0 25 ans de prison pour violation des droits de l\u2019Homme. Le candidat de gauche succ\u00e8de ainsi \u00e0 Alan Garcia qu\u2019il avait affront\u00e9 lors de l\u2019\u00e9lection pr\u00e9sidentielle de 2006.<\/p>\n<p>Candidat de la gauche nationaliste d\u2019origine quechua et grand admirateur du pr\u00e9sident v\u00e9n\u00e9zu\u00e9lien, Hugo Chavez, Ollanta Humala a d\u00fb mettre de l\u2019eau dans son vin pour vaincre la m\u00e9fiance des P\u00e9ruviens. Car c\u2019est en partie sa proximit\u00e9 avec le chef de file de la gauche radicale en Am\u00e9rique latine qui lui avait co\u00fbt\u00e9 la victoire face \u00e0 Alan Garcia en 2006 &#8211; Chavez incarnant un mod\u00e8le de socialisme \u00e9tatique extr\u00eamement peu populaire au P\u00e9rou.<\/p>\n<p>En 2011, Humala a donc pris ses distances avec le leader v\u00e9n\u00e9zu\u00e9lien, s\u2019est attach\u00e9 tout au long de la campagne \u00e0 mod\u00e9rer son image et \u00e0 recentrer ses discours\u2026 pour se rapprocher du mod\u00e8le de gauche mod\u00e9r\u00e9e de Lula, le charismatique ex-pr\u00e9sident br\u00e9silien. <\/p>\n<p>\u00ab\u00a0Petit soldat de Chavez\u00a0\u00bb<\/p>\n<p>Il est m\u00eame all\u00e9 jusqu\u2019\u00e0 int\u00e9grer dans son \u00e9quipe de marketing politique plusieurs membres du staff qui avait men\u00e9 Lula \u00e0 la pr\u00e9sidence en 2002. Sa victoire a n\u00e9anmoins \u00e9t\u00e9 beaucoup moins \u00e9clatante que celle de son nouveau mod\u00e8le. Ses amiti\u00e9s pr\u00e9sum\u00e9es avec le leader v\u00e9n\u00e9zu\u00e9lien ont donn\u00e9 du grain \u00e0 moudre \u00e0 son opposante, Keiko Fujimori, qui l\u2019a tax\u00e9 de \u00ab\u00a0bon soldat d\u2019Hugo Chavez\u00a0\u00bb tout au long de la campagne. L&rsquo;attaque fut plut\u00f4t efficace : ces derniers mois, chaque sondage favorable au candidat de gauche entra\u00eenait une chute de la Bourse de Lima.<\/p>\n<p>Des soubresauts qui t\u00e9moignent de l&rsquo;inqui\u00e9tude des march\u00e9s. \u00ab\u00a0Il ne s&rsquo;agit plus seulement de convaincre les P\u00e9ruviens, en vue d&rsquo;un appui social, mais le monde \u00e9conomique\u00a0\u00bb, observait \u00e0 l\u2019AFP Luis Benavente, politologue du centre d&rsquo;opinion publique de l&rsquo;Universit\u00e9 catholique de Lima. Sa volont\u00e9 d\u2019op\u00e9rer une \u00ab\u00a0grande transformation du pays\u00a0\u00bb pour \u00ab\u00a0que la croissance arrive dans tous les porte-monnaie\u00a0\u00bb et ses discours passionn\u00e9s contre les \u00ab\u00a0pouvoirs \u00e9conomiques\u00a0\u00bb ont, en effet, eu le don d\u2019effrayer les investisseurs.<\/p>\n<p>Pourtant, dans ce pays o\u00f9 plus d\u2019un tiers de la population vit sous le seuil de pauvret\u00e9, les promesses d\u2019aides sociales et d\u2019augmentations des salaires minimums d\u2019Humala ont pay\u00e9. Davantage en tout cas que celles de Keiko Fujimori, qui, face aux succ\u00e8s remport\u00e9s par le mod\u00e8le \u00e9conomique lib\u00e9ral depuis dix ans, s\u2019\u00e9tait engag\u00e9e \u00e0 le pr\u00e9server.<\/p>\n<p>Opposant historique au clan Fujimori<\/p>\n<p>\u00c0 l\u2019instar de sa rivale, Ollanta Humala n\u2019a pas h\u00e9sit\u00e9 \u00e0 jouer sur la peur, en brandissant le spectre d\u2019un retour au pouvoir du clan Fujimori. Il s\u2019est attach\u00e9 \u00e0 rappeler minutieusement les exactions du p\u00e8re de Keiko, le dictateur Alberto Fujimori, instigateur de massacres et de disparitions dans les ann\u00e9es 1990 \u2013 les historiens estiment \u00e0 13 000 le nombre de personnes disparues pendant les dix ans du r\u00e8gne d\u2019Alberto Fujimori. \u00ab\u00a0Nous avons d\u00e9j\u00e0 v\u00e9cu ce que propose l&rsquo;autre camp. Nous avons connu la dictature des ann\u00e9es 1990\u00a0\u00bb, a notamment l\u00e2ch\u00e9 Humala \u00e0 la fin de sa campagne.<\/p>\n<p>C\u2019est d\u2019ailleurs en se soulevant contre le dictateur que le militaire se fait conna\u00eetre des P\u00e9ruviens en octobre 2000. Alors lieutenant-colonel en poste pr\u00e8s de la fronti\u00e8re chilienne, il m\u00e8ne une r\u00e9volte militaire contre le r\u00e9gime autoritaire de Fujimori. Le soul\u00e8vement \u00e9choue, Humala atterrit en prison. Lib\u00e9r\u00e9 quelques mois plus tard apr\u00e8s la fuite de Fujimori vers le Japon, l\u2019homme est accueilli en h\u00e9ros, puis amnisti\u00e9.<\/p>\n<p>Pass\u00e9 militaire flou<\/p>\n<p>La carri\u00e8re d\u2019Ollanta (\u00ab\u00a0le guerrier qui voit tout\u00a0\u00bb, en inca) dans l\u2019arm\u00e9e, o\u00f9 il s\u2019est enr\u00f4l\u00e9 \u00e0 l\u2019\u00e2ge de 20 ans, l\u2019a amen\u00e9 \u00e0 combattre la gu\u00e9rilla mao\u00efste du Sentier Lumineux et le mouvement r\u00e9volutionnaire Tupac Amaru, qui semaient la terreur dans le pays durant les ann\u00e9es 1990. Une p\u00e9riode sombre de son histoire. De lourds soup\u00e7ons de crimes (torture, enl\u00e8vements et ex\u00e9cutions) perp\u00e9tr\u00e9s contre les populations civiles p\u00e8sent contre lui. Il a \u00e9t\u00e9 acquitt\u00e9 par la justice, le t\u00e9moin principal \u00e9tant opportun\u00e9ment revenu sur ses d\u00e9clarations. Mais plusieurs associations de d\u00e9fense des droits de l\u2019Homme restent persuad\u00e9es de sa culpabilit\u00e9.<\/p>\n<p>Parall\u00e8lement \u00e0 sa carri\u00e8re militaire, Humala poursuit une formation en sciences politiques \u00e0 l\u2019Universit\u00e9 catholique de Lima, suivant les pas de son p\u00e8re, Isaac, professeur de marxisme-l\u00e9ninisme et artisan d\u2019une id\u00e9ologie de \u00ab\u00a0nationalisme ethnique\u00a0\u00bb pr\u00f4nant la revanche des Indiens et m\u00e9tis sur les Blancs. Il d\u00e9croche une ma\u00eetrise en 2001. Sa carri\u00e8re militaire l\u2019am\u00e8ne jusqu\u2019en France en 2003 o\u00f9 il poursuit ses \u00e9tudes \u00e0 l\u2019Institut parisien des hautes \u00e9tudes pour l\u2019Am\u00e9rique latine. De retour \u00e0 Lima, il prend ses distances avec les opinions radicales de sa famille et consacre son entr\u00e9e dans le monde politique par la formation du Parti nationaliste p\u00e9ruvien (PNP) en 2005.<\/p>\n<p>D\u00e9sormais aux commandes, Ollanta Humala doit s\u2019attacher \u00e0 redresser son pays notamment sur le plan social. Il a suscit\u00e9 un immense espoir pour les habitants &#8211; principalement indiens &#8211; des Andes ou de l&rsquo;Amazonie, qui n\u2019ont pas vu leurs conditions de vie s\u2019am\u00e9liorer malgr\u00e9 la croissance exceptionnelle affich\u00e9e par le pays depuis dix ans (8,7 % en 2010). Le P\u00e9rou est consid\u00e9r\u00e9 comme l\u2019un des plus mauvais \u00e9l\u00e8ves d\u2019Am\u00e9rique latine en mati\u00e8re d\u2019\u00e9ducation, de d\u00e9veloppement, d\u2019acc\u00e8s aux soins et \u00e0 l\u2019emploi. La t\u00e2che s\u2019annonce ardue pour le nouveau pr\u00e9sident p\u00e9ruvien. Il n\u2019a pas obtenu la majorit\u00e9 au Congr\u00e8s et devra composer avec une opposition peu encline aux changements politiques radicaux.<\/p>\n<p>Source\u00a0<\/p>\n<p><a href=\" http:\/\/www.france24.com\/fr\/20110606-perou-election-presidentielle-ollanta-humala-keiko-fujimori-vainqueur-portrait-gauche-nationaliste\" title=\"www.france24.com\">France24.com <\/a><\/p>\n<p>&nbsp;<\/p>\n<!-- AddThis Advanced Settings generic via filter on the_content --><!-- AddThis Share Buttons generic via filter on the_content -->","protected":false},"excerpt":{"rendered":"<p>Sur la base de r\u00e9sultats partiels, le candidat nationaliste de gauche, Ollanta Humala, a proclam\u00e9&#8230;<!-- AddThis Advanced Settings generic via filter on get_the_excerpt --><!-- AddThis Share Buttons generic via filter on get_the_excerpt --><\/p>\n","protected":false},"author":1,"featured_media":0,"comment_status":"open","ping_status":"open","sticky":false,"template":"","format":"standard","meta":[],"categories":[6],"tags":[],"_links":{"self":[{"href":"https:\/\/amagep.co.za\/fr\/wp-json\/wp\/v2\/posts\/461"}],"collection":[{"href":"https:\/\/amagep.co.za\/fr\/wp-json\/wp\/v2\/posts"}],"about":[{"href":"https:\/\/amagep.co.za\/fr\/wp-json\/wp\/v2\/types\/post"}],"author":[{"embeddable":true,"href":"https:\/\/amagep.co.za\/fr\/wp-json\/wp\/v2\/users\/1"}],"replies":[{"embeddable":true,"href":"https:\/\/amagep.co.za\/fr\/wp-json\/wp\/v2\/comments?post=461"}],"version-history":[{"count":0,"href":"https:\/\/amagep.co.za\/fr\/wp-json\/wp\/v2\/posts\/461\/revisions"}],"wp:attachment":[{"href":"https:\/\/amagep.co.za\/fr\/wp-json\/wp\/v2\/media?parent=461"}],"wp:term":[{"taxonomy":"category","embeddable":true,"href":"https:\/\/amagep.co.za\/fr\/wp-json\/wp\/v2\/categories?post=461"},{"taxonomy":"post_tag","embeddable":true,"href":"https:\/\/amagep.co.za\/fr\/wp-json\/wp\/v2\/tags?post=461"}],"curies":[{"name":"wp","href":"https:\/\/api.w.org\/{rel}","templated":true}]}}