{"id":455,"date":"2011-04-30T13:32:42","date_gmt":"2011-04-30T13:32:42","guid":{"rendered":"https:\/\/amagep.co.za\/fr\/2011\/04\/30\/le-chanteur-debaba-emporte-par-un-avc\/"},"modified":"2011-04-30T13:32:42","modified_gmt":"2011-04-30T13:32:42","slug":"le-chanteur-debaba-emporte-par-un-avc","status":"publish","type":"post","link":"https:\/\/amagep.co.za\/fr\/le-chanteur-debaba-emporte-par-un-avc\/","title":{"rendered":"Le chanteur Debaba emport\u00e9 par un AVC"},"content":{"rendered":"<p><img loading=\"lazy\" class=\" size-full wp-image-454\" src=\"https:\/\/amagep.co.za\/fr\/wp-content\/uploads\/2011\/04\/detou_debaba.jpg\" border=\"0\" width=\"450\" height=\"254\" srcset=\"https:\/\/amagep.co.za\/fr\/wp-content\/uploads\/2011\/04\/detou_debaba.jpg 450w, https:\/\/amagep.co.za\/fr\/wp-content\/uploads\/2011\/04\/detou_debaba-300x169.jpg 300w\" sizes=\"(max-width: 450px) 100vw, 450px\" \/><\/p>\n<p>Apr\u00e8s s\u2019\u00eatre bien sorti d\u2019un premier accident vasculaire c\u00e9r\u00e9bral il y a un an, le chanteur Debaba n\u2019a pas surv\u00e9cu \u00e0 une deuxi\u00e8me attaque du m\u00eame type qui l\u2019a emport\u00e9, \u00e0 Kinshasa, \u00e0 2 heures du matin dans la nuit du 23 au 24 f\u00e9vrier 2011.<\/p>\n<p> <!--more--> <\/p>\n<p>Soign\u00e9 pendant deux semaines \u00e0 la clinique Ngaliema, ses m\u00e9decins l\u2019ont autoris\u00e9 \u00e0 poursuivre \u00e0 domicile des soins notamment de kin\u00e9sith\u00e9rapie afin de r\u00e9duire les s\u00e9quelles fonctionnelles dues \u00e0 la d\u00e9gradation d\u2019une partie du cerveau qui n\u2019avait pas \u00e9t\u00e9 oxyg\u00e9n\u00e9e pendant l\u2019attaque. Jeudi dernier, apr\u00e8s une rechute, le chanteur fut re-hospitalis\u00e9 \u00e0 la m\u00eame clinique o\u00f9 il a rendu l\u2019\u00e2me.<\/p>\n<p>Dans l\u2019entourage de son fils Detou Debaba qui vient de se lancer \u00e9galement dans la msuqiue, l\u2019\u00e9moi le dispute \u00e0 l\u2019incompr\u00e9hension. La prise en charge m\u00e9dicale n\u2019a pas \u00e9t\u00e9 sans doute \u00e0 la hauteur, avancent les proches de l\u2019orphelin qui \u00e9voquent les soins prodigu\u00e9s en Afrique du Sud lors de la premi\u00e8re attaque qui avaient remis Debaba d\u2019aplomb. Detou Debaba qui vit \u00e0 Paris doit se rendre \u00e0 Kinshasa pour les obs\u00e8ques mais auparavant, ses proches et lui comptent organiser une veill\u00e9 ces mardi ou mercredi.<\/p>\n<p>Mauvaise co\u00efncidence ou une sorte de passage \u00e0 t\u00e9moin, c\u2019est ce lundi que le fils du d\u00e9funt devait commencer la promotion de son tout album qui est fin pr\u00eat. Lors d\u2019une rencontre avec Detou Debaba en 2009, ce dernier qui venait d\u2019entamer sa carri\u00e8re ne voulait pas rendre l\u2019information officielle car il attendait d\u2019abord vaincre les r\u00e9ticences de son p\u00e8re. Ce fut fait mais le p\u00e8re n\u2019aura pas eu le temps d\u2019appr\u00e9cier la premi\u00e8re r\u00e9alisation de cette carri\u00e8re pour laquelle il avait finalement donn\u00e9 sa b\u00e9n\u00e9diction.<\/p>\n<p>Ancien de Historia Esthetica co-fond\u00e9 avec Koffi Olomide et le guitariste Lele Nsundi, de Viva la Musica et de Choc Stars le chanteur Debaba El Shabab, Dieka Mbaki Claude de son vrai nom, a brill\u00e9 par son talent dans des chansons comme \u00ab Abidjan Mosika \u00bb sorti en 1981 chant\u00e9e avec Petit Prince Bengali, Fafa Demolokai et Maray Maray, soutenus \u00e0 la guitare par Nseka Huit Kilos. <\/p>\n<p>Avec Choc Stars, il a sign\u00e9 et\/ou chant\u00e9 aux c\u00f4t\u00e9s de Lassa Carlito, Djanana, Nzaya Zayadio, des tubes comme \u00ab Zikondo \u00bb, \u00ab Press\u00e9 te \u00bb, \u00ab C\u00e9lio D\u00e9clarant \u00bb, \u00ab Jardin de mon coeur \u00bb (une composition de Roxy Tshimpaka), \u00ab Riana \u00bb, \u00ab Kelemani \u00bb, (Ben Nyamabo), \u00ab Mokolo Mosusu \u00bb et \u00ab Terminus \u00bb ( de Tshomba Sedjo Ka), \u00ab Mauvais souvenir \u00bb (Carlito), \u00ab Mbuma Elengi \u00bb (Djanana).<\/p>\n<p>Dans un entretien avec AEM, Shaka Kongo, le pr\u00e9sident de l\u2019association \u00ab Artiste en danger \u00bb, a indiqu\u00e9 que son inhumation est pr\u00e9vue le 4 mai au cimeti\u00e8re Mbenseke Futi, apr\u00e8s les obs\u00e8ques qui auront lieu au stade des martyrs o\u00f9 une c\u00e9r\u00e9monie d\u2019adieu sera organis\u00e9e.<\/p>\n<p>&nbsp;<\/p>\n<p>{fcomment} <\/p>\n<p>Source\u00a0<\/p>\n<p><a href=\"http:\/\/www.afriquechos.ch\/spip.php?article5169\" title=\"www.afriquechos.ch\">AFRIQUECHOS.CH <\/a><\/p>\n<!-- AddThis Advanced Settings generic via filter on the_content --><!-- AddThis Share Buttons generic via filter on the_content -->","protected":false},"excerpt":{"rendered":"<p>Apr\u00e8s s\u2019\u00eatre bien sorti d\u2019un premier accident vasculaire c\u00e9r\u00e9bral il y a un an, le&#8230;<!-- AddThis Advanced Settings generic via filter on get_the_excerpt --><!-- AddThis Share Buttons generic via filter on get_the_excerpt --><\/p>\n","protected":false},"author":1,"featured_media":454,"comment_status":"open","ping_status":"open","sticky":false,"template":"","format":"standard","meta":[],"categories":[8],"tags":[],"_links":{"self":[{"href":"https:\/\/amagep.co.za\/fr\/wp-json\/wp\/v2\/posts\/455"}],"collection":[{"href":"https:\/\/amagep.co.za\/fr\/wp-json\/wp\/v2\/posts"}],"about":[{"href":"https:\/\/amagep.co.za\/fr\/wp-json\/wp\/v2\/types\/post"}],"author":[{"embeddable":true,"href":"https:\/\/amagep.co.za\/fr\/wp-json\/wp\/v2\/users\/1"}],"replies":[{"embeddable":true,"href":"https:\/\/amagep.co.za\/fr\/wp-json\/wp\/v2\/comments?post=455"}],"version-history":[{"count":0,"href":"https:\/\/amagep.co.za\/fr\/wp-json\/wp\/v2\/posts\/455\/revisions"}],"wp:featuredmedia":[{"embeddable":true,"href":"https:\/\/amagep.co.za\/fr\/wp-json\/wp\/v2\/media\/454"}],"wp:attachment":[{"href":"https:\/\/amagep.co.za\/fr\/wp-json\/wp\/v2\/media?parent=455"}],"wp:term":[{"taxonomy":"category","embeddable":true,"href":"https:\/\/amagep.co.za\/fr\/wp-json\/wp\/v2\/categories?post=455"},{"taxonomy":"post_tag","embeddable":true,"href":"https:\/\/amagep.co.za\/fr\/wp-json\/wp\/v2\/tags?post=455"}],"curies":[{"name":"wp","href":"https:\/\/api.w.org\/{rel}","templated":true}]}}