{"id":447,"date":"2011-03-15T13:39:52","date_gmt":"2011-03-15T13:39:52","guid":{"rendered":"https:\/\/amagep.co.za\/fr\/2011\/03\/15\/zaiko-langa-langa-proprietaire-dune-double-parcelle-a-kinshasa\/"},"modified":"2011-03-15T13:39:52","modified_gmt":"2011-03-15T13:39:52","slug":"zaiko-langa-langa-proprietaire-dune-double-parcelle-a-kinshasa","status":"publish","type":"post","link":"https:\/\/amagep.co.za\/fr\/zaiko-langa-langa-proprietaire-dune-double-parcelle-a-kinshasa\/","title":{"rendered":"Za\u00efko Langa Langa propri\u00e9taire d\u2019une double parcelle \u00e0 Kinshasa"},"content":{"rendered":"<p><img loading=\"lazy\" class=\" size-full wp-image-446\" src=\"https:\/\/amagep.co.za\/fr\/wp-content\/uploads\/2011\/03\/zaiko_proprietaire.jpg\" border=\"0\" alt=\"Signature Zaiko\" title=\"Singature Zaiko\" width=\"450\" height=\"338\" srcset=\"https:\/\/amagep.co.za\/fr\/wp-content\/uploads\/2011\/03\/zaiko_proprietaire.jpg 450w, https:\/\/amagep.co.za\/fr\/wp-content\/uploads\/2011\/03\/zaiko_proprietaire-300x225.jpg 300w\" sizes=\"(max-width: 450px) 100vw, 450px\" \/><\/p>\n<p>L\u2019orchestre Za\u00efko Langa Langa a d\u00e9sormais son fief qui n\u2019est pas qu\u2019un lieu d\u00e9di\u00e9 \u00e0 ses r\u00e9p\u00e9titions et \u00e0 ses concerts mais un bien immobilier qui lui est propre. Cette acquisition est la cons\u00e9quence d\u2019une r\u00e9gularisation d\u2019un contrat qui liait le groupe \u00e0 la Bracongo (Skol) et qui avait \u00e9t\u00e9 rompu unilat\u00e9ralement, il y a quinze ans, par l\u2019entreprise brassicole. La parcelle concern\u00e9e se situe sur les rues Inzia et Lodja de la commune de Kasa-Vubu. Un d\u00e9nouement heureux qu\u2019explique Ma\u00eetre Adrien Alongo, l\u2019avocat de l\u2019orchestre : \u00ab Ce litige qui a \u00e9t\u00e9 port\u00e9 devant diff\u00e9rentes juridictions est n\u00e9 suite \u00e0 la r\u00e9siliation unilat\u00e9rale, par la Bracongo , d\u2019un contrat de collaboration aux termes duquel Zaiko s\u2019\u00e9tait engag\u00e9 \u00e0 assurer la promotion des produits Bracongo, principalement la Skol , et que cette entreprise devait, quant \u00e0 elle, fournir \u00e0 l\u2019orchestre un bar \u00e9quip\u00e9 pour ses productions. Si une parcelle a \u00e9t\u00e9 achet\u00e9e le bar ne sera jamais construit, Bracongo ayant, dans l\u2019entre-temps, chang\u00e9 d\u2019\u00e9quipe dirigeante qui va simplement r\u00e9silier le contrat. \u00bb<\/p>\n<p> <!--more--> <\/p>\n<p>&nbsp;<\/p>\n<p>Le r\u00e8glement \u00e0 l\u2019amiable de ce litige relance le partenariat pour trois ans pr\u00e9cise l\u2019avocat de Za\u00efko Langa Langa : \u00ab L\u2019actuelle \u00e9quipe qui a compris l\u2019importance de Za\u00efko pour le marketing de ses produits, a pr\u00e9f\u00e9r\u00e9 qu\u2019une solution amiable soit trouv\u00e9 au litige n\u00e9 cette r\u00e9siliation cavali\u00e8re. Ainsi Bracongo a accept\u00e9 de c\u00e9der au groupe la parcelle qu\u2019elle avait achet\u00e9e. Mais il s\u2019agit d\u2019une cession avec charges, en ce sens que durant la dur\u00e9e du contrat l\u2019orchestre ne m\u00e8nera, dans la dite parcelle, que des activit\u00e9s exclusivement li\u00e9es \u00e0 la promotion des produits Bracongo. Cette contrainte prend fin \u00e0 la cl\u00f4ture du contrat, dont la dur\u00e9e est de trois ans. Apr\u00e8s cette dur\u00e9e, Za\u00eeko jouira de cette parcelle \u00e0 sa guise. Le contrat nouvellement sign\u00e9 reprend l\u2019ancien o\u00f9 il \u00e9tait suspendu, et permet \u00e0 Za\u00efko de b\u00e9n\u00e9ficier d\u2019un espace permanent pour ses r\u00e9p\u00e9titions, ses productions et l\u2019installation de ses services administratifs. \u00bb<\/p>\n<p>Skol contre Primus ou l\u2019ivresse douce contre une ivresse am\u00e8re\u2026<\/p>\n<p>Le go\u00fbt de la bi\u00e8re Skol, par la magie de ces retrouvailles, a retrouv\u00e9 du coup les faveurs du palais de Jossart et de Za\u00efko Langa Langa. Les promesses d\u2019un contrat d\u00e9finitif et all\u00e9chant que leur faisait miroiter la bi\u00e8re Primus ont fini par avoir un go\u00fbt de plus en plus amer \u00e0 en croire l\u2019avocat de l\u2019orchestre : \u00ab Za\u00efko et Bralima n\u2019avaient pas un contrat du genre que cette entreprise brassicole a pass\u00e9 avec d\u2019autres groupes musicaux. Il s\u2019agissait d\u2019un protocole provisoire d\u2019exclusivit\u00e9 sign\u00e9 en 2009. \u00bb Et de pr\u00e9ciser : \u00ab Ce protocole devait d\u00e9boucher sur la signature d\u2019un contrat avec des conditions avantageuses pour Zaiko. Malheureusement, les attentes de Za\u00efko \u00e0 cet effet n\u2019ont pas \u00e9t\u00e9 satisfaites. L\u2019orchestre a, pendant deux ans, oeuvr\u00e9 dans une situation de d\u00e9s\u00e9quilibre en comparaison aux avantages accord\u00e9s par la Bralima \u00e0 d\u2019autres groupes. \u00bb<\/p>\n<p>Naturellement satisfait, Jossart Nyoka Longo a exprim\u00e9 sa gratitude envers les nouveaux dirigeants de Bracongo non sans rappeler que c\u2019est gr\u00e2ce \u00e0 la bi\u00e8re Skol que Za\u00efko avait pu inviter tous les anciens pour f\u00eater son 18\u00e8me anniversaire. Benjamin Bronne, directeur des ventes de la Bracongo, parle d\u2019un contrat win-win entendez gagnant-gagnant, dans la mesure o\u00f9 il sert \u00e0 l\u2019am\u00e9lioration de l\u2019image de marque de deux parties. Za\u00efko a toutefois la latitude de contracter avec d\u2019autres soci\u00e9t\u00e9s non concurrentes de la Bracongo. Mais Jossart ira-t-il jusqu\u2019\u00e0 mettre les tenues portant la publicit\u00e9 de la Skol : \u00ab Je suis pr\u00eat \u00e0 mettre tout ce que le sponsor me demanderait d\u2019enfiler \u00e0 condition que \u00e7a ne le soit au d\u00e9triment de mon image. \u00bb<\/p>\n<p>Et la Skol ramena les danseuses dans Za\u00efko<\/p>\n<p>Jusque-l\u00e0 Jossart et Za\u00efko Langa Langa se passaient des danseuses, peut-\u00eatre pas par choix. Le recrutement des danseuses vient d\u2019\u00eatre lanc\u00e9, sans doute, gr\u00e2ce \u00e0 des retomb\u00e9es \u00e0 venir de ce contrat mais aussi pour des besoins publicitaires de la bi\u00e8re partenaire. \u00c0 cet effet, N\u2019Yoch annonce qu\u2019il ne recrutera que des filles majeures et s\u2019est dit sensible \u00e0 la demande du public pour plus de moralit\u00e9 dans les prestations des danseuses.|<\/p>\n<p>Source : <a href=\"http:\/\/www.afriquechos.ch\/spip.php?article5101\" title=\"Za\u00efko Langa Langa propri\u00e9taire d\u2019une double parcelle \u00e0 Kinshasa \">Afriquechos.ch<\/a><\/p>\n<!-- AddThis Advanced Settings generic via filter on the_content --><!-- AddThis Share Buttons generic via filter on the_content -->","protected":false},"excerpt":{"rendered":"<p>L\u2019orchestre Za\u00efko Langa Langa a d\u00e9sormais son fief qui n\u2019est pas qu\u2019un lieu d\u00e9di\u00e9 \u00e0&#8230;<!-- AddThis Advanced Settings generic via filter on get_the_excerpt --><!-- AddThis Share Buttons generic via filter on get_the_excerpt --><\/p>\n","protected":false},"author":1,"featured_media":446,"comment_status":"open","ping_status":"open","sticky":false,"template":"","format":"standard","meta":[],"categories":[8],"tags":[],"_links":{"self":[{"href":"https:\/\/amagep.co.za\/fr\/wp-json\/wp\/v2\/posts\/447"}],"collection":[{"href":"https:\/\/amagep.co.za\/fr\/wp-json\/wp\/v2\/posts"}],"about":[{"href":"https:\/\/amagep.co.za\/fr\/wp-json\/wp\/v2\/types\/post"}],"author":[{"embeddable":true,"href":"https:\/\/amagep.co.za\/fr\/wp-json\/wp\/v2\/users\/1"}],"replies":[{"embeddable":true,"href":"https:\/\/amagep.co.za\/fr\/wp-json\/wp\/v2\/comments?post=447"}],"version-history":[{"count":0,"href":"https:\/\/amagep.co.za\/fr\/wp-json\/wp\/v2\/posts\/447\/revisions"}],"wp:featuredmedia":[{"embeddable":true,"href":"https:\/\/amagep.co.za\/fr\/wp-json\/wp\/v2\/media\/446"}],"wp:attachment":[{"href":"https:\/\/amagep.co.za\/fr\/wp-json\/wp\/v2\/media?parent=447"}],"wp:term":[{"taxonomy":"category","embeddable":true,"href":"https:\/\/amagep.co.za\/fr\/wp-json\/wp\/v2\/categories?post=447"},{"taxonomy":"post_tag","embeddable":true,"href":"https:\/\/amagep.co.za\/fr\/wp-json\/wp\/v2\/tags?post=447"}],"curies":[{"name":"wp","href":"https:\/\/api.w.org\/{rel}","templated":true}]}}