{"id":441,"date":"2011-01-17T15:30:12","date_gmt":"2011-01-17T15:30:12","guid":{"rendered":"https:\/\/amagep.co.za\/fr\/2011\/01\/17\/situation-politique-en-tunisie\/"},"modified":"2011-01-17T15:30:12","modified_gmt":"2011-01-17T15:30:12","slug":"situation-politique-en-tunisie","status":"publish","type":"post","link":"https:\/\/amagep.co.za\/fr\/situation-politique-en-tunisie\/","title":{"rendered":"attaque de la r\u00e9sidence du pr\u00e9sident Kabila \u00e0 Kinshasa, 6 assaillants tu\u00e9s"},"content":{"rendered":"<p>Des hommes arm\u00e9s \u00ab non identifi\u00e9s \u00bb ont attaqu\u00e9 dimanche \u00e0 Kinshasa la r\u00e9sidence o\u00f9 se trouvait le pr\u00e9sident congolais Joseph Kabila mais ont \u00e9t\u00e9 repouss\u00e9s avant d\u2019atteindre la demeure par la garde r\u00e9publicaine qui a tu\u00e9 six assaillants.<\/p>\n<p>Il s\u2019agit de la premi\u00e8re menace s\u00e9rieuse contre le pr\u00e9sident Kabila, 40 ans en juin prochain, depuis son accession \u00e0 la t\u00eate de la R\u00e9publique d\u00e9mocratique du Congo (RDC) en janvier 2001, apr\u00e8s l\u2019assassinat de son p\u00e8re, Laurent-D\u00e9sir\u00e9 Kabila, dans une autre r\u00e9sidence pr\u00e9sidentielle de de Kinshasa.<\/p>\n<p>\u00a0<\/p>\n<p> <!--more--> L\u2019attaque de dimanche a \u00e9t\u00e9 men\u00e9e vers 13H30 (12H30 GMT) \u00ab par un groupe d\u2019hommes lourdement arm\u00e9s et non identifi\u00e9s \u00bb qui ont \u00e9t\u00e9 repouss\u00e9s par la garde r\u00e9publicaine (GR, ex-garde pr\u00e9sidentielle), a d\u00e9clar\u00e9 \u00e0 l\u2019AFP le porte-parole du gouvernement congolais Lambert Mende. \u00ab Six assaillants ont \u00e9t\u00e9 tu\u00e9s, d\u2019autres bless\u00e9s et quelques uns ont \u00e9t\u00e9 faits prisonniers \u00bb, a-t-il ajout\u00e9, pr\u00e9cisant que des membres de la GR ont \u00e9galement \u00e9t\u00e9 bless\u00e9s.<\/p>\n<p>M. Mende a d\u00e9clar\u00e9 \u00e0 l\u2019AFP qu\u2019il s\u2019agissait d\u2019un \u00ab acte de terrorisme. On a voulu faire peur \u00bb. \u00ab Cette op\u00e9ration ressemble assez \u00e0 une tentative de s\u2019en prendre \u00e0 la personne du chef de l\u2019Etat (&#8230;) Les institutions sont aux commandes, le pays tourne normalement \u00bb, a-t-il d\u00e9clar\u00e9 la Radio t\u00e9l\u00e9vision nationale (RTNC).<\/p>\n<p>Vers 13H30, des tirs sporadiques d\u2019armes automatiques, par rafales et au coup par coup, ont \u00e9t\u00e9 entendus pendant une vingtaine de minutes. Le pr\u00e9sident Joseph Kabila \u00ab\u00a0\u00ab \u00e9tait dans sa r\u00e9sidence \u00bb \u00e0 ce moment l\u00e0, mais \u00ab les assaillants n\u2019ont pas franchi la deuxi\u00e8me barri\u00e8re \u00bb d\u2019acc\u00e8s au b\u00e2timent. \u00ab Il n\u2019y a eu aucun dommage \u00e0 la r\u00e9sidence \u00bb, a affirm\u00e9 M. Mende, ajoutant qu\u2019il s\u2019agissait de la r\u00e9sidence principale de M. Kabila.<\/p>\n<p>La demeure est situ\u00e9e au bord du fleuve Congo, dans le quartier chic de la Gombe, au nord de Kinshasa, \u00e0 proximit\u00e9 notamment d\u2019ambassades et de r\u00e9sidences d\u2019ambassades, ainsi que du Grand h\u00f4tel de Kinshasa.<\/p>\n<p>Quand les tirs ont cess\u00e9, des hommes de la GR se sont d\u00e9ploy\u00e9s par petits groupes pour mener des patrouilles autour de la zone de la r\u00e9sidence, a constat\u00e9 un journaliste de l\u2019AFP. Ils \u00e9taient toujours post\u00e9s \u00e0 des carrefours et filtraient la circulation en d\u00e9but de soir\u00e9e dans la zone proche de la r\u00e9sidence. Un blind\u00e9 l\u00e9ger ainsi qu\u2019un char d\u2019assaut a circul\u00e9 \u00e9galement dans le quartier, o\u00f9 le calme est rapidement revenu en milieu d\u2019apr\u00e8s-midi. Des vendeurs de cigarettes, habituellement install\u00e9s sur un trottoir devant le Grand h\u00f4tel, ont fui lors des \u00e9changes de coups de feu, laissant leurs chaises sur place, a-t-on constat\u00e9.<\/p>\n<p>Selon M. Mende, des hommes ayant particip\u00e9 \u00e0 l\u2019attaque de la r\u00e9sidence et qui avaient pris la fuite \u00e0 moto et en v\u00e9hicules, ont tir\u00e9 en passant sur l\u2019entr\u00e9e d\u2019un camp militaire dans le quartier Lingwala, au sud de la Gombe. Il n\u2019a pas pr\u00e9cis\u00e9 s\u2019il y avait eu des victimes lors de cet incident, alors que certaines sources ont \u00e9voqu\u00e9 plusieurs morts. \u00ab Les forces se s\u00e9curit\u00e9 sont d\u00e9ploy\u00e9es (&#8230;) pour s\u00e9curiser la ville et le pays de sorte que nous poursuivions normalement notre cheminement vers les \u00e9ch\u00e9ances \u00e9lectorales \u00bb, a assur\u00e9 M. Mende \u00e0 la RTNC.<\/p>\n<p>L\u2019\u00e9lection pr\u00e9sidentielle est programm\u00e9e pour novembre prochain, et le pr\u00e9sident Kabila, \u00e9lu en 2006, devrait se repr\u00e9senter. Les services de s\u00e9curit\u00e9 et la justice vont \u00ab interroger les conjur\u00e9s qui ont \u00e9t\u00e9 mis aux arr\u00eats (&#8230;) et feront savoir \u00e0 l\u2019opinion les tenants et les aboutissants de cette action criminelle \u00bb, a ajout\u00e9 le porte-parole du gouvernement \u00e0 la RTNC.<\/p>\n<p>L\u2019est du pays est toujours en proie \u00e0 l\u2019instabilit\u00e9 en raison de la pr\u00e9sence de plusieurs groupes arm\u00e9s et milices locales, r\u00e9guli\u00e8rement accus\u00e9s de commettre des violences contre les populations.<br \/>\u00a0<br \/>Source<\/p>\n<p>&nbsp;<\/p>\n<p><a href=\"http:\/\/www.afriquechos.ch\/spip.php?article5084\" title=\"www.afriquechos.ch\">AFRIQUECHOS.CH <\/a><\/p>\n<!-- AddThis Advanced Settings generic via filter on the_content --><!-- AddThis Share Buttons generic via filter on the_content -->","protected":false},"excerpt":{"rendered":"<p>Des hommes arm\u00e9s \u00ab non identifi\u00e9s \u00bb ont attaqu\u00e9 dimanche \u00e0 Kinshasa la r\u00e9sidence o\u00f9&#8230;<!-- AddThis Advanced Settings generic via filter on get_the_excerpt --><!-- AddThis Share Buttons generic via filter on get_the_excerpt --><\/p>\n","protected":false},"author":1,"featured_media":0,"comment_status":"open","ping_status":"open","sticky":false,"template":"","format":"standard","meta":[],"categories":[6],"tags":[],"_links":{"self":[{"href":"https:\/\/amagep.co.za\/fr\/wp-json\/wp\/v2\/posts\/441"}],"collection":[{"href":"https:\/\/amagep.co.za\/fr\/wp-json\/wp\/v2\/posts"}],"about":[{"href":"https:\/\/amagep.co.za\/fr\/wp-json\/wp\/v2\/types\/post"}],"author":[{"embeddable":true,"href":"https:\/\/amagep.co.za\/fr\/wp-json\/wp\/v2\/users\/1"}],"replies":[{"embeddable":true,"href":"https:\/\/amagep.co.za\/fr\/wp-json\/wp\/v2\/comments?post=441"}],"version-history":[{"count":0,"href":"https:\/\/amagep.co.za\/fr\/wp-json\/wp\/v2\/posts\/441\/revisions"}],"wp:attachment":[{"href":"https:\/\/amagep.co.za\/fr\/wp-json\/wp\/v2\/media?parent=441"}],"wp:term":[{"taxonomy":"category","embeddable":true,"href":"https:\/\/amagep.co.za\/fr\/wp-json\/wp\/v2\/categories?post=441"},{"taxonomy":"post_tag","embeddable":true,"href":"https:\/\/amagep.co.za\/fr\/wp-json\/wp\/v2\/tags?post=441"}],"curies":[{"name":"wp","href":"https:\/\/api.w.org\/{rel}","templated":true}]}}