{"id":439,"date":"2011-01-05T12:21:17","date_gmt":"2011-01-05T12:21:17","guid":{"rendered":"https:\/\/amagep.co.za\/fr\/2011\/01\/05\/focas-marche\/"},"modified":"2011-01-05T12:21:17","modified_gmt":"2011-01-05T12:21:17","slug":"focas-marche","status":"publish","type":"post","link":"https:\/\/amagep.co.za\/fr\/focas-marche\/","title":{"rendered":"Afrique du sud : Une marche pour r\u00e9clamer justice pour les massacres en RDC"},"content":{"rendered":"<p><img loading=\"lazy\" class=\" size-full wp-image-438\" src=\"https:\/\/amagep.co.za\/fr\/wp-content\/uploads\/2011\/01\/focas_marche.jpg\" border=\"0\" title=\"Focas Strike\" width=\"512\" height=\"384\" srcset=\"https:\/\/amagep.co.za\/fr\/wp-content\/uploads\/2011\/01\/focas_marche.jpg 512w, https:\/\/amagep.co.za\/fr\/wp-content\/uploads\/2011\/01\/focas_marche-300x225.jpg 300w\" sizes=\"(max-width: 512px) 100vw, 512px\" \/><\/p>\n<p>\u00c0 l\u2019occasion de la journ\u00e9e des Martyrs de l\u2019ind\u00e9pendance de leur pays, 200 Congolais et amis des Congolais d\u2019Afrique du Sud, ont march\u00e9, le 4 janvier, dans Rocky Street \u00e0 Yeoville, une banlieue proche de Johannesburg. 50 ans apr\u00e8s l\u2019ind\u00e9pendance, les manifestants ont \u00e9tendu cet hommage au premier ministre Patrice Emery Lumumba, mais aussi \u00e0 \u00ab Floribert Chebeya et d\u2019autres victimes de violences, massacres et g\u00e9nocide perp\u00e9tr\u00e9s depuis 1993 \u00bb dans leur pays.<\/p>\n<p> <!--more--> <\/p>\n<p>Organis\u00e9e par FOCAS (le Forum des Associations Congolaises en Afrique du Sud), la manifestation avait pour but, selon Serge Mubilulu, le directeur ex\u00e9cutif de ce collectif, de \u00ab protester contre le g\u00e9nocide \u00bb qui se poursuit dans leur pays et pour exiger le jugement des auteurs et commanditaires de ces actes : \u00ab Nous sommes d\u00e9termin\u00e9s pour r\u00e9clamer justice pour les victimes congolaises et nous tenons \u00e0 attirer l\u2019attention de l\u2019opinion sur l\u2019ampleur du g\u00e9nocide qui se produit dans notre pays et appelons tout le monde \u00e0 s\u2019impliquer dans le processus de justice contre l\u2019impunit\u00e9 en RDC \u00bb. L\u2019int\u00e9ress\u00e9 a, par ailleurs, f\u00e9licit\u00e9 la juge sud-africaine et ancienne militante anti-apartheid Navanethem Pillay qui \u00ab a su r\u00e9sister \u00e0 de multiples pressions des ennemis de la RDC pour publier le rapport mapping de l\u2019ONU jetant les fondements du processus de justice dans notre pays \u00bb.<\/p>\n<p>Pour rappel, de nombreux m\u00e9dias dont le journal fran\u00e7ais Le Monde ont r\u00e9v\u00e9l\u00e9 en ao\u00fbt 2010 le contenu du rapport Mapping de l\u2019ONU accusant le Rwanda de g\u00e9nocide sur des populations congolaises en RDC et des forces arm\u00e9es de pays voisins, des troupes rebelles et des individus de violations graves de droits de l\u2019homme et de massacres sur le territoire congolais. Malgr\u00e9 de nombreuses pressions, le rapport a \u00e9t\u00e9 rendu public soulignant, au sujet de ces massacres que \u00ab si une cour appropri\u00e9e s\u2019y penchait, ils seraient consid\u00e9r\u00e9s comme un g\u00e9nocide. \u00bb<\/p>\n<p>Suffisant pour Bakengeshi Twendele, le secr\u00e9taire de direction du FOCAS pour les Congolais d\u2019Afrique du sud d\u2019envisager l\u2019attribution d\u2019un prix de d\u00e9fenseur des droits de l\u2019homme \u00e0 l\u2019int\u00e9ress\u00e9e, qu\u2019il qualifie de \u00ab la femme Sud africaine la plus aim\u00e9e des Congolais. \u00bb <\/p>\n<p>Source <\/p>\n<p><a href=\"http:\/\/www.afriquechos.ch\/spip.php?article5020\" title=\"www.afrqieuchos.ch\">AFRIQUECHOS.CH<\/a><br \/>\u00a0<\/p>\n<!-- AddThis Advanced Settings generic via filter on the_content --><!-- AddThis Share Buttons generic via filter on the_content -->","protected":false},"excerpt":{"rendered":"<p>\u00c0 l\u2019occasion de la journ\u00e9e des Martyrs de l\u2019ind\u00e9pendance de leur pays, 200 Congolais et&#8230;<!-- AddThis Advanced Settings generic via filter on get_the_excerpt --><!-- AddThis Share Buttons generic via filter on get_the_excerpt --><\/p>\n","protected":false},"author":1,"featured_media":438,"comment_status":"open","ping_status":"open","sticky":false,"template":"","format":"standard","meta":[],"categories":[5],"tags":[],"_links":{"self":[{"href":"https:\/\/amagep.co.za\/fr\/wp-json\/wp\/v2\/posts\/439"}],"collection":[{"href":"https:\/\/amagep.co.za\/fr\/wp-json\/wp\/v2\/posts"}],"about":[{"href":"https:\/\/amagep.co.za\/fr\/wp-json\/wp\/v2\/types\/post"}],"author":[{"embeddable":true,"href":"https:\/\/amagep.co.za\/fr\/wp-json\/wp\/v2\/users\/1"}],"replies":[{"embeddable":true,"href":"https:\/\/amagep.co.za\/fr\/wp-json\/wp\/v2\/comments?post=439"}],"version-history":[{"count":0,"href":"https:\/\/amagep.co.za\/fr\/wp-json\/wp\/v2\/posts\/439\/revisions"}],"wp:featuredmedia":[{"embeddable":true,"href":"https:\/\/amagep.co.za\/fr\/wp-json\/wp\/v2\/media\/438"}],"wp:attachment":[{"href":"https:\/\/amagep.co.za\/fr\/wp-json\/wp\/v2\/media?parent=439"}],"wp:term":[{"taxonomy":"category","embeddable":true,"href":"https:\/\/amagep.co.za\/fr\/wp-json\/wp\/v2\/categories?post=439"},{"taxonomy":"post_tag","embeddable":true,"href":"https:\/\/amagep.co.za\/fr\/wp-json\/wp\/v2\/tags?post=439"}],"curies":[{"name":"wp","href":"https:\/\/api.w.org\/{rel}","templated":true}]}}