{"id":431,"date":"2010-11-29T13:32:44","date_gmt":"2010-11-29T13:32:44","guid":{"rendered":"https:\/\/amagep.co.za\/fr\/2010\/11\/29\/un-pretre-francophone-pour-larchidiocese-de-johannesbourg\/"},"modified":"2010-11-29T13:32:44","modified_gmt":"2010-11-29T13:32:44","slug":"un-pretre-francophone-pour-larchidiocese-de-johannesbourg","status":"publish","type":"post","link":"https:\/\/amagep.co.za\/fr\/un-pretre-francophone-pour-larchidiocese-de-johannesbourg\/","title":{"rendered":"UN PRETRE FRANCOPHONE POUR L&rsquo;ARCHIDIOCESE DE JOHANNESBOURG"},"content":{"rendered":"<p><img loading=\"lazy\" class=\" size-full wp-image-430\" src=\"https:\/\/amagep.co.za\/fr\/wp-content\/uploads\/2010\/11\/abbe_dido.jpg\" border=\"0\" alt=\"Abee JM D\" width=\"370\" height=\"450\" srcset=\"https:\/\/amagep.co.za\/fr\/wp-content\/uploads\/2010\/11\/abbe_dido.jpg 370w, https:\/\/amagep.co.za\/fr\/wp-content\/uploads\/2010\/11\/abbe_dido-247x300.jpg 247w\" sizes=\"(max-width: 370px) 100vw, 370px\" \/><\/p>\n<p>Ordonn\u00e9 pr\u00eatre, l&rsquo;Abb\u00e9 Jean-Marie Didh&rsquo;o a finalement r\u00e9alis\u00e9 son r\u00eave de r\u00e9pondre \u00e0 sa vocation d&rsquo;enfance.<\/p>\n<p> <!--more--> <br \/>N\u00e9 le 26 juin 1976 en RDC, l&rsquo;Abb\u00e9 Jean-Marie vint en Afrique du Sud apr\u00e8s avoir obtenu son graduat en philosophie au Coll\u00e8ge Saint Augustin de Kinshasa.<\/p>\n<p>En Afrique du Sud, en sa qualit\u00e9 de diacre, il commen\u00e7a par enseigner le cat\u00e9chisme \u00e0 la paroisse Saint Fran\u00e7ois d&rsquo;Assise de Yeoville.<\/p>\n<p>Il d\u00e9crocha plus tard une maitrise en anthropologie \u00e0 l&rsquo;Universit\u00e9 de Wits, Johannesbourg, et s&rsquo;en alla servir comme diacre \u00e0 la paroisse Notre Dame d&rsquo;Afrique, \u00e0 Mohlakeng, West Rand.<\/p>\n<p>Il entra aussi au Grand S\u00e9minaire Jean-Marie Vianney pour la formation sacerdotale, puis il sera ordonn\u00e9 le tout premier pr\u00eatre francophone en Afrique du Sud, en janvier 2010, par l&rsquo;arch\u00e9v\u00eaque Buti Tlhaga.<\/p>\n<p>Son r\u00eave d&rsquo;enfance s&rsquo;accomplit avec sa nomination comme pr\u00eatre de l&rsquo;Eglise Catholique Sainte Famille de Spruitview, Archidioc\u00e8se de Johannesbourg. <\/p>\n<p>&nbsp;<\/p>\n<!-- AddThis Advanced Settings generic via filter on the_content --><!-- AddThis Share Buttons generic via filter on the_content -->","protected":false},"excerpt":{"rendered":"<p>Ordonn\u00e9 pr\u00eatre, l&rsquo;Abb\u00e9 Jean-Marie Didh&rsquo;o a finalement r\u00e9alis\u00e9 son r\u00eave de r\u00e9pondre \u00e0 sa vocation&#8230;<!-- AddThis Advanced Settings generic via filter on get_the_excerpt --><!-- AddThis Share Buttons generic via filter on get_the_excerpt --><\/p>\n","protected":false},"author":1,"featured_media":430,"comment_status":"open","ping_status":"open","sticky":false,"template":"","format":"standard","meta":[],"categories":[9],"tags":[],"_links":{"self":[{"href":"https:\/\/amagep.co.za\/fr\/wp-json\/wp\/v2\/posts\/431"}],"collection":[{"href":"https:\/\/amagep.co.za\/fr\/wp-json\/wp\/v2\/posts"}],"about":[{"href":"https:\/\/amagep.co.za\/fr\/wp-json\/wp\/v2\/types\/post"}],"author":[{"embeddable":true,"href":"https:\/\/amagep.co.za\/fr\/wp-json\/wp\/v2\/users\/1"}],"replies":[{"embeddable":true,"href":"https:\/\/amagep.co.za\/fr\/wp-json\/wp\/v2\/comments?post=431"}],"version-history":[{"count":0,"href":"https:\/\/amagep.co.za\/fr\/wp-json\/wp\/v2\/posts\/431\/revisions"}],"wp:featuredmedia":[{"embeddable":true,"href":"https:\/\/amagep.co.za\/fr\/wp-json\/wp\/v2\/media\/430"}],"wp:attachment":[{"href":"https:\/\/amagep.co.za\/fr\/wp-json\/wp\/v2\/media?parent=431"}],"wp:term":[{"taxonomy":"category","embeddable":true,"href":"https:\/\/amagep.co.za\/fr\/wp-json\/wp\/v2\/categories?post=431"},{"taxonomy":"post_tag","embeddable":true,"href":"https:\/\/amagep.co.za\/fr\/wp-json\/wp\/v2\/tags?post=431"}],"curies":[{"name":"wp","href":"https:\/\/api.w.org\/{rel}","templated":true}]}}