{"id":425,"date":"2010-11-04T09:23:25","date_gmt":"2010-11-04T09:23:25","guid":{"rendered":"https:\/\/amagep.co.za\/fr\/2010\/11\/04\/labbe-blaise-mambu-ordonne-pretre-le-1er-aout-1989\/"},"modified":"2010-11-04T09:23:25","modified_gmt":"2010-11-04T09:23:25","slug":"labbe-blaise-mambu-ordonne-pretre-le-1er-aout-1989","status":"publish","type":"post","link":"https:\/\/amagep.co.za\/fr\/labbe-blaise-mambu-ordonne-pretre-le-1er-aout-1989\/","title":{"rendered":"L&rsquo;Abb\u00e9 BLAISE MAMBU, ordonn\u00e9 pr\u00eatre le 1er aout 1989"},"content":{"rendered":"<p style=\"line-height: normal; margin-bottom: 0pt\" class=\"MsoNormal\"><img loading=\"lazy\" class=\" size-full wp-image-424\" src=\"https:\/\/amagep.co.za\/fr\/wp-content\/uploads\/2010\/11\/amajek2.jpg\" border=\"0\" width=\"436\" height=\"332\" srcset=\"https:\/\/amagep.co.za\/fr\/wp-content\/uploads\/2010\/11\/amajek2.jpg 436w, https:\/\/amagep.co.za\/fr\/wp-content\/uploads\/2010\/11\/amajek2-300x228.jpg 300w\" sizes=\"(max-width: 436px) 100vw, 436px\" \/><span style=\"font-family: 'Times New Roman','serif'; font-size: 12pt\">Est bien connu parmi les jeunes et les parents pour son d\u00e9vouement et comme un homme attentif aux besoins des autres et respect\u00e9 dans la cit\u00e9 de Kinshasa. Il est per\u00e7u comme un motivateur et un homme qui inspire la crainte de Dieu partout o\u00f9 il va.<\/span><\/p>\n<p> <!--more--> <\/p>\n<p style=\"line-height: normal; margin-bottom: 0pt\" class=\"MsoNormal\"><span style=\"font-family: 'Times New Roman','serif'; font-size: 12pt\">In 2002, il fut mandat\u00e9 en Afrique du Sud, \u00e0 la paroisse Saint Fran\u00e7is d&rsquo;Assise de Yeoville, \u00e0 Johannesbourg, dans le but de rassembler tous les croyants catholiques francophones. Ceci fut un grand d\u00e9fi qui exigeait de la maturit\u00e9 spirituelle et un bon leadership. Grace \u00e0 un caract\u00e8re fort li\u00e9 \u00e0 sa vocation, et \u00e9tant un motivateur sans limite, il a encourag\u00e9 et mat\u00e9rialis\u00e9 l&rsquo;int\u00e9gration de la communaut\u00e9 francophone dans la communaut\u00e9 locale; il a aussi ressuscit\u00e9 une paroisse qui \u00e9tait sur le point de disparaitre.<\/span><\/p>\n<p style=\"line-height: normal; margin-bottom: 0pt\" class=\"MsoNormal\"><span style=\"font-family: 'Times New Roman','serif'; font-size: 12pt\">Il a r\u00e9ussi \u00e0 \u00e9tablir un service francophone \u00e0 la paroisse; et trois ans plus tard, vu que les fid\u00e8les \u00e9taient combl\u00e9s et b\u00e9nis, ce serviteur de Dieu fut mut\u00e9 \u00e0 City Deep, ou il dirige actuellement la paroisse Mis\u00e9ricorde Divine de l&rsquo;Archidioc\u00e8se Catholique de Johannesbourg.<\/span><\/p>\n<p style=\"line-height: normal; margin-bottom: 0pt\" class=\"MsoNormal\"><span style=\"font-family: 'Times New Roman','serif'; font-size: 12pt\">L&rsquo;an pass\u00e9, la communaut\u00e9 c\u00e9l\u00e8bra avec lui le vingti\u00e8me anniversaire de son sacerdoce. Il dit que la vie sacerdotale est une vie de sacrifice que l&rsquo;on doit assumer; c&rsquo;est porter la croix pour les autres sans esp\u00e9rer une quelconque r\u00e9compense humaine. En plus, estime-il, les croyants ne devraient pas laisser le pr\u00eatre devenir un emprunteur; ils devraient plut\u00f4t prendre soin du pr\u00eatre puisqu&rsquo;il rend service au peuple de Dieu.<\/span><\/p>\n<p class=\"MsoNormal\"><span style=\"line-height: 115%; font-family: 'Times New Roman','serif'; font-size: 12pt\">Assur\u00e9ment, cet Abb\u00e9 est un homme que Dieu dans sa bont\u00e9 a utilis\u00e9 comme son instrument pour agir sur la communaut\u00e9 francophone. que Dieu le b\u00e9nisse pour le travail qu&rsquo;il a abattu et qu&rsquo;il continue \u00e0 abattre au milieu de Son peuple.<\/span><\/p>\n<p class=\"MsoNormal\">&nbsp;<\/p>\n<!-- AddThis Advanced Settings generic via filter on the_content --><!-- AddThis Share Buttons generic via filter on the_content -->","protected":false},"excerpt":{"rendered":"<p>Est bien connu parmi les jeunes et les parents pour son d\u00e9vouement et comme un&#8230;<!-- AddThis Advanced Settings generic via filter on get_the_excerpt --><!-- AddThis Share Buttons generic via filter on get_the_excerpt --><\/p>\n","protected":false},"author":1,"featured_media":424,"comment_status":"open","ping_status":"open","sticky":false,"template":"","format":"standard","meta":[],"categories":[9],"tags":[],"_links":{"self":[{"href":"https:\/\/amagep.co.za\/fr\/wp-json\/wp\/v2\/posts\/425"}],"collection":[{"href":"https:\/\/amagep.co.za\/fr\/wp-json\/wp\/v2\/posts"}],"about":[{"href":"https:\/\/amagep.co.za\/fr\/wp-json\/wp\/v2\/types\/post"}],"author":[{"embeddable":true,"href":"https:\/\/amagep.co.za\/fr\/wp-json\/wp\/v2\/users\/1"}],"replies":[{"embeddable":true,"href":"https:\/\/amagep.co.za\/fr\/wp-json\/wp\/v2\/comments?post=425"}],"version-history":[{"count":0,"href":"https:\/\/amagep.co.za\/fr\/wp-json\/wp\/v2\/posts\/425\/revisions"}],"wp:featuredmedia":[{"embeddable":true,"href":"https:\/\/amagep.co.za\/fr\/wp-json\/wp\/v2\/media\/424"}],"wp:attachment":[{"href":"https:\/\/amagep.co.za\/fr\/wp-json\/wp\/v2\/media?parent=425"}],"wp:term":[{"taxonomy":"category","embeddable":true,"href":"https:\/\/amagep.co.za\/fr\/wp-json\/wp\/v2\/categories?post=425"},{"taxonomy":"post_tag","embeddable":true,"href":"https:\/\/amagep.co.za\/fr\/wp-json\/wp\/v2\/tags?post=425"}],"curies":[{"name":"wp","href":"https:\/\/api.w.org\/{rel}","templated":true}]}}