{"id":423,"date":"2010-10-22T09:38:42","date_gmt":"2010-10-22T09:38:42","guid":{"rendered":"https:\/\/amagep.co.za\/fr\/2010\/10\/22\/felix-wazekwa-condamne-a-2-ans-de-prison-avec-sursis-en-belgique\/"},"modified":"2010-10-22T09:38:42","modified_gmt":"2010-10-22T09:38:42","slug":"felix-wazekwa-condamne-a-2-ans-de-prison-avec-sursis-en-belgique","status":"publish","type":"post","link":"https:\/\/amagep.co.za\/fr\/felix-wazekwa-condamne-a-2-ans-de-prison-avec-sursis-en-belgique\/","title":{"rendered":"F\u00e9lix Wazekwa condamn\u00e9 \u00e0 2 ans de prison avec sursis en Belgique"},"content":{"rendered":"<p class=\"spip\"><img loading=\"lazy\" class=\" size-full wp-image-422\" src=\"https:\/\/amagep.co.za\/fr\/wp-content\/uploads\/2010\/10\/wazekwa_en_sa.jpg\" border=\"0\" title=\"wazekwa_en_sa.jpg\" width=\"252\" height=\"512\" \/> <\/p>\n<p class=\"spip\">Felix Nlandu  Wazekwa, leader de l\u2019orchestre Culture Pays-Vie, a \u00e9t\u00e9 condamn\u00e9 \u00e0 2 ans  de prison avec sursis par le tribunal correctionnel de Bruxelles. Il  \u00e9tait pr\u00e9venu d\u2019avoir fait entrer ill\u00e9galement sur le territoire belge, \u00e0  quatre reprises entre f\u00e9vrier 2003 et novembre 2004, pr\u00e8s de 20  personnes. Il y aurait \u00e9t\u00e9 oblig\u00e9 par son producteur.<\/p>\n<p> <!--more--> <em class=\"spip\">\u00ab\u00a0Lorsqu\u2019un  artiste a la chance de pouvoir se rendre en Europe pour se produire sur  sc\u00e8ne, il doit se plier aux exigences des producteurs,\u00a0\u00bb<\/em> avait  expliqu\u00e9 le pr\u00e9venu. <em class=\"spip\">\u00ab\u00a0Ceux-l\u00e0 profitent souvent de la  situation pour incorporer des candidats \u00e0 l\u2019immigration clandestine dans  des groupes d\u2019artistes v\u00e9ritables\u00a0\u00bb.<\/em>  <\/p>\n<p class=\"spip\">Le chanteur avait donc avou\u00e9 avoir fait entrer  ill\u00e9galement en Belgique huit Congolais le 18 f\u00e9vrier 2003, trois le 15  mars 2004, six le 20 mars 2004 et trois autres le 22 novembre 2004.<\/p>\n<p class=\"spip\">Il a admis avoir particip\u00e9 au ph\u00e9nom\u00e8ne d\u2019immigration  clandestine typique de la nationalit\u00e9 congolaise et de ses groupes  artistiques, musicaux ou religieux. Un ph\u00e9nom\u00e8ne connu sous le nom  \u00ab\u00a0Ngulu\u00a0\u00bb.<\/p>\n<p class=\"spip\">Il avait \u00e9t\u00e9 condamn\u00e9 par d\u00e9faut en juillet dernier \u00e0 2  ans de prison ferme. Il a fait opposition et le tribunal l\u2019a condamn\u00e9  mercredi \u00e0 la m\u00eame peine avec sursis. Le tribunal a pris en compte le  fait que le pr\u00e9venu n\u2019avait pas d\u2019ant\u00e9c\u00e9dent judiciaire et qu\u2019il avait  tout de suite avou\u00e9.<\/p>\n<p>  L\u2019affaire avait eu, en juillet d\u00e9j\u00e0, un fort \u00e9cho dans  la presse congolaise et sur T\u00e9l\u00e9 Matonge.<\/p>\n<p>&nbsp;<\/p>\n<p>Source\u00a0<\/p>\n<p><a href=\"http:\/\/www.afriquechos.ch\/spip.php?article4902\" title=\"www.afriquechos.ch\">\u00a0AFRIQUECHOS.CH\/Agence Belga\u00a0<\/a><\/p>\n<!-- AddThis Advanced Settings generic via filter on the_content --><!-- AddThis Share Buttons generic via filter on the_content -->","protected":false},"excerpt":{"rendered":"<p>Felix Nlandu Wazekwa, leader de l\u2019orchestre Culture Pays-Vie, a \u00e9t\u00e9 condamn\u00e9 \u00e0 2 ans de&#8230;<!-- AddThis Advanced Settings generic via filter on get_the_excerpt --><!-- AddThis Share Buttons generic via filter on get_the_excerpt --><\/p>\n","protected":false},"author":1,"featured_media":422,"comment_status":"open","ping_status":"open","sticky":false,"template":"","format":"standard","meta":[],"categories":[8],"tags":[],"_links":{"self":[{"href":"https:\/\/amagep.co.za\/fr\/wp-json\/wp\/v2\/posts\/423"}],"collection":[{"href":"https:\/\/amagep.co.za\/fr\/wp-json\/wp\/v2\/posts"}],"about":[{"href":"https:\/\/amagep.co.za\/fr\/wp-json\/wp\/v2\/types\/post"}],"author":[{"embeddable":true,"href":"https:\/\/amagep.co.za\/fr\/wp-json\/wp\/v2\/users\/1"}],"replies":[{"embeddable":true,"href":"https:\/\/amagep.co.za\/fr\/wp-json\/wp\/v2\/comments?post=423"}],"version-history":[{"count":0,"href":"https:\/\/amagep.co.za\/fr\/wp-json\/wp\/v2\/posts\/423\/revisions"}],"wp:featuredmedia":[{"embeddable":true,"href":"https:\/\/amagep.co.za\/fr\/wp-json\/wp\/v2\/media\/422"}],"wp:attachment":[{"href":"https:\/\/amagep.co.za\/fr\/wp-json\/wp\/v2\/media?parent=423"}],"wp:term":[{"taxonomy":"category","embeddable":true,"href":"https:\/\/amagep.co.za\/fr\/wp-json\/wp\/v2\/categories?post=423"},{"taxonomy":"post_tag","embeddable":true,"href":"https:\/\/amagep.co.za\/fr\/wp-json\/wp\/v2\/tags?post=423"}],"curies":[{"name":"wp","href":"https:\/\/api.w.org\/{rel}","templated":true}]}}