{"id":421,"date":"2010-10-04T18:10:55","date_gmt":"2010-10-04T18:10:55","guid":{"rendered":"https:\/\/amagep.co.za\/fr\/2010\/10\/04\/mr-jean-pierre-a-lukamba-om\/"},"modified":"2010-10-04T18:10:55","modified_gmt":"2010-10-04T18:10:55","slug":"mr-jean-pierre-a-lukamba-om","status":"publish","type":"post","link":"https:\/\/amagep.co.za\/fr\/mr-jean-pierre-a-lukamba-om\/","title":{"rendered":"Mr. Jean Pierre A. Lukamba Om"},"content":{"rendered":"<p><img loading=\"lazy\" class=\" size-full wp-image-420\" src=\"https:\/\/amagep.co.za\/fr\/wp-content\/uploads\/2010\/10\/jean_pierre_o.jpg\" border=\"0\" title=\"mail.jpg\" width=\"499\" height=\"374\" srcset=\"https:\/\/amagep.co.za\/fr\/wp-content\/uploads\/2010\/10\/jean_pierre_o.jpg 640w, https:\/\/amagep.co.za\/fr\/wp-content\/uploads\/2010\/10\/jean_pierre_o-300x225.jpg 300w\" sizes=\"(max-width: 499px) 100vw, 499px\" \/><\/p>\n<p>Amagep a recemment d\u00e9couvert un homme des vertus multiples: modestie, motivation, courage et d\u00e9vouement pour le bien-\u00eatre des immigrants en Afrique du Sud.<\/p>\n<p>  <!--more-->  <\/p>\n<p>\u00a0<\/p>\n<p>L&rsquo;homme en question est Mr Jean-Pierre Lukamba Om. Nos fins limiers l&rsquo;ont rep\u00e9r\u00e9 durant la festivit\u00e9 organis\u00e9e par le Hall de la Cit\u00e9 de Johannesbourg, \u00e0 un mois de la Coupe du monde de football. Dans les pr\u00e9paratifs de cet \u00e9v\u00e9nement sportif mondial de l&rsquo;ann\u00e9e, il \u00e9tait en charge de la logistique et de la projection de chacun dans la fi\u00e8vre de ce m\u00e9ga \u00e9v\u00e9nement. En outre, samedi le 25 septembre 2010, il avait coordonn\u00e9 la comm\u00e9moration de la journ\u00e9e sud-africaine de l&rsquo;h\u00e9ritage historique.<\/p>\n<div>Ainsi Amagep a le privil\u00e8ge de d\u00e9voiler en d\u00e9tail la vie \u00e0 multiple faces de ce fils d&rsquo;Afrique dans nos futurs num\u00e9ros. Car, en d\u00e9pit de son emploi du temps tr\u00e8s surcharg\u00e9, il a accept\u00e9 de nous accorder une interview aussit\u00f4t qu&rsquo;il dispose d&rsquo;un temps libre.<\/div>\n<div>Entre-temps, ce que nous devons retenir est que Mr Jean-Pierre Lukamba est un fondateur\u00a0ici en Afrique du Sud d&rsquo;une ONG qui traite, en collaboration avec le gouvernement de la R\u00e9publique d&rsquo;Afrique du\u00a0Sud et le Haut Commissariat des\u00a0Nations Unies pour les\u00a0Refugi\u00e9s, de l&rsquo;int\u00e9gration des refugi\u00e9s et chercheurs d&rsquo;asile.<\/div>\n<div>Il est aussi un membre de l&rsquo;\u00e9quipe qui travaille avec le Secr\u00e9taire G\u00e9n\u00e9ral de la branche sud-africaine d&rsquo;Amnesty International. Il participe \u00e9galement dans les activit\u00e9s du Parlement Panafricain comme membre du comit\u00e9 ex\u00e9cutif de la Diaspora Africaine d&rsquo;Afrique du Sud.<\/div>\n<div>Il\u00a0\u00e9crit des articles qui sont publi\u00e9es dans la gazette du gouvernement\u00a0sud-africain, ainsi dans les journaux internationaux. En\u00a0bref, nous pouvons dire que Mr Lukamba fait la fi\u00e8ret\u00e9 de la R\u00e9publique D\u00e9mocratique du Congo en Afrique du\u00a0Sud.<\/div>\n<!-- AddThis Advanced Settings generic via filter on the_content --><!-- AddThis Share Buttons generic via filter on the_content -->","protected":false},"excerpt":{"rendered":"<p>Amagep a recemment d\u00e9couvert un homme des vertus multiples: modestie, motivation, courage et d\u00e9vouement pour&#8230;<!-- AddThis Advanced Settings generic via filter on get_the_excerpt --><!-- AddThis Share Buttons generic via filter on get_the_excerpt --><\/p>\n","protected":false},"author":1,"featured_media":420,"comment_status":"open","ping_status":"open","sticky":false,"template":"","format":"standard","meta":[],"categories":[5],"tags":[],"_links":{"self":[{"href":"https:\/\/amagep.co.za\/fr\/wp-json\/wp\/v2\/posts\/421"}],"collection":[{"href":"https:\/\/amagep.co.za\/fr\/wp-json\/wp\/v2\/posts"}],"about":[{"href":"https:\/\/amagep.co.za\/fr\/wp-json\/wp\/v2\/types\/post"}],"author":[{"embeddable":true,"href":"https:\/\/amagep.co.za\/fr\/wp-json\/wp\/v2\/users\/1"}],"replies":[{"embeddable":true,"href":"https:\/\/amagep.co.za\/fr\/wp-json\/wp\/v2\/comments?post=421"}],"version-history":[{"count":0,"href":"https:\/\/amagep.co.za\/fr\/wp-json\/wp\/v2\/posts\/421\/revisions"}],"wp:featuredmedia":[{"embeddable":true,"href":"https:\/\/amagep.co.za\/fr\/wp-json\/wp\/v2\/media\/420"}],"wp:attachment":[{"href":"https:\/\/amagep.co.za\/fr\/wp-json\/wp\/v2\/media?parent=421"}],"wp:term":[{"taxonomy":"category","embeddable":true,"href":"https:\/\/amagep.co.za\/fr\/wp-json\/wp\/v2\/categories?post=421"},{"taxonomy":"post_tag","embeddable":true,"href":"https:\/\/amagep.co.za\/fr\/wp-json\/wp\/v2\/tags?post=421"}],"curies":[{"name":"wp","href":"https:\/\/api.w.org\/{rel}","templated":true}]}}