{"id":415,"date":"2010-08-20T09:34:21","date_gmt":"2010-08-20T09:34:21","guid":{"rendered":"https:\/\/amagep.co.za\/fr\/2010\/08\/20\/koffi-olomide-en-afrique-du-sud-au-mois-de-septembre\/"},"modified":"2010-08-20T09:34:21","modified_gmt":"2010-08-20T09:34:21","slug":"koffi-olomide-en-afrique-du-sud-au-mois-de-septembre","status":"publish","type":"post","link":"https:\/\/amagep.co.za\/fr\/koffi-olomide-en-afrique-du-sud-au-mois-de-septembre\/","title":{"rendered":"Koffi Olomide en Afrique du sud au mois de septembre"},"content":{"rendered":"<p><img loading=\"lazy\" class=\" size-full wp-image-32\" src=\"https:\/\/amagep.co.za\/fr\/wp-content\/uploads\/2008\/12\/koffi-3.jpg\" border=\"0\" title=\"koffi-3.jpg\" width=\"335\" height=\"265\" \/><\/p>\n<p>Avec une actualit\u00e9 en califourchon entre la chronique judiciaire et la chronique musicale, Koffi Olomide semble mener sa barque sans d\u00e9semparer. Preuve : cette tourn\u00e9e annonc\u00e9e pour le mois de septembre 2010 en Afrique du Sud \u00e0 l\u2019invitation du m\u00e9c\u00e8ne et homme d\u2019affaires ayant pignon sur rue, Kayembe Ntemba.<\/p>\n<p>  <!--more-->  <\/p>\n<p>\u00a0<\/p>\n<p>Cette tourn\u00e9e vient juste apr\u00e8s une autre, tr\u00e8s controvers\u00e9e, celle-l\u00e0 au Rwanda o\u00f9 la star congolaise est all\u00e9e animer la campagne \u00e9lectorale victorieuse du pr\u00e9sident r\u00e9\u00e9lu Paul Kagame. Comme le signale Alain Matundu\u00a0Vangu de l\u2019agence Amagep \u00e9galement charg\u00e9 de communication du groupe Chez Ntemba International en Afrique du sud, le chanteur est attendu le 1er septembre et donnera une conf\u00e9rence de presse le lendemain avant de jouer deux concerts \u00e0 Pretoria le samedi 4 et le samedi 11 septembre 2010 \u00e0 la discoth\u00e8que pr\u00e9cit\u00e9e. D\u2019autres productions sont pr\u00e9vues \u00e0 Cape Town en play-back et \u00e0 Johannesburg.<\/p>\n<p>Cette tourn\u00e9e va durer au moins quatre semaines. Elle intervient pr\u00e8s de trois ans apr\u00e8s un concert en plein air avort\u00e9 \u00e0 cause d\u2019une forte pluie.<\/p>\n<p>\u00a0<\/p>\n<p>Source<\/p>\n<p><a href=\"http:\/\/www.afriquechos.ch\/spip.php?article4745\" title=\"www.afriquechos.ch\">Afriquechos.ch <\/a><\/p>\n<p>  <param name=\"width\" value=\"480\" \/> <param name=\"height\" value=\"385\" \/> <param name=\"allowfullscreen\" value=\"true\" \/> <param name=\"allowscriptaccess\" value=\"always\" \/> <param name=\"src\" value=\"http:\/\/www.youtube.com\/v\/zhDeJfkMkec&#038;hl=en_US&#038;fs=1&#038;\" \/><\/p>\n<!-- AddThis Advanced Settings generic via filter on the_content --><!-- AddThis Share Buttons generic via filter on the_content -->","protected":false},"excerpt":{"rendered":"<p>Avec une actualit\u00e9 en califourchon entre la chronique judiciaire et la chronique musicale, Koffi Olomide&#8230;<!-- AddThis Advanced Settings generic via filter on get_the_excerpt --><!-- AddThis Share Buttons generic via filter on get_the_excerpt --><\/p>\n","protected":false},"author":1,"featured_media":32,"comment_status":"open","ping_status":"open","sticky":false,"template":"","format":"standard","meta":[],"categories":[8],"tags":[],"_links":{"self":[{"href":"https:\/\/amagep.co.za\/fr\/wp-json\/wp\/v2\/posts\/415"}],"collection":[{"href":"https:\/\/amagep.co.za\/fr\/wp-json\/wp\/v2\/posts"}],"about":[{"href":"https:\/\/amagep.co.za\/fr\/wp-json\/wp\/v2\/types\/post"}],"author":[{"embeddable":true,"href":"https:\/\/amagep.co.za\/fr\/wp-json\/wp\/v2\/users\/1"}],"replies":[{"embeddable":true,"href":"https:\/\/amagep.co.za\/fr\/wp-json\/wp\/v2\/comments?post=415"}],"version-history":[{"count":0,"href":"https:\/\/amagep.co.za\/fr\/wp-json\/wp\/v2\/posts\/415\/revisions"}],"wp:featuredmedia":[{"embeddable":true,"href":"https:\/\/amagep.co.za\/fr\/wp-json\/wp\/v2\/media\/32"}],"wp:attachment":[{"href":"https:\/\/amagep.co.za\/fr\/wp-json\/wp\/v2\/media?parent=415"}],"wp:term":[{"taxonomy":"category","embeddable":true,"href":"https:\/\/amagep.co.za\/fr\/wp-json\/wp\/v2\/categories?post=415"},{"taxonomy":"post_tag","embeddable":true,"href":"https:\/\/amagep.co.za\/fr\/wp-json\/wp\/v2\/tags?post=415"}],"curies":[{"name":"wp","href":"https:\/\/api.w.org\/{rel}","templated":true}]}}