{"id":414,"date":"2010-08-13T17:36:23","date_gmt":"2010-08-13T17:36:23","guid":{"rendered":"https:\/\/amagep.co.za\/fr\/2010\/08\/13\/rsa-un-message-positif-en-provenance-de-la-la-rdc\/"},"modified":"2010-08-13T17:36:23","modified_gmt":"2010-08-13T17:36:23","slug":"rsa-un-message-positif-en-provenance-de-la-la-rdc","status":"publish","type":"post","link":"https:\/\/amagep.co.za\/fr\/rsa-un-message-positif-en-provenance-de-la-la-rdc\/","title":{"rendered":"RSA : Un message positif en provenance de la RDC"},"content":{"rendered":"<p class=\"spip\"><img loading=\"lazy\" class=\" size-full wp-image-413\" src=\"https:\/\/amagep.co.za\/fr\/wp-content\/uploads\/2010\/08\/drc_ambas.jpg\" border=\"0\" width=\"400\" height=\"276\" srcset=\"https:\/\/amagep.co.za\/fr\/wp-content\/uploads\/2010\/08\/drc_ambas.jpg 400w, https:\/\/amagep.co.za\/fr\/wp-content\/uploads\/2010\/08\/drc_ambas-300x207.jpg 300w\" sizes=\"(max-width: 400px) 100vw, 400px\" \/><\/p>\n<p class=\"spip\">\u00c0 l\u2019occasion de la c\u00e9l\u00e9bration du cinquantenaire de l\u2019ind\u00e9pendance de son pays, l\u2019Ambassadeur de la RDC en Afrique du sud, Son excellence Bene M\u2019Poko, a re\u00e7u en date du 2 Juillet 2010, dans sa r\u00e9sidence priv\u00e9e \u00e0 Pr\u00e9toria, des membres de la communaut\u00e9 congolaise \u00e0 qui il a transmis \u00ab\u00a0<em class=\"spip\">un message positif en provenance de la RDC<\/em>\u00a0\u00bb.<\/p>\n<p> <!--more--> \u00c0 signaler, parmi les invit\u00e9s, des hommes d\u2019affaires, des personnalit\u00e9s politiques toutes tendances confondues ainsi que d\u2019ambassadeurs des pays amis. <\/p>\n<p class=\"spip\">En r\u00e9sum\u00e9, le message de la RDC, en sa qualit\u00e9 de pays membre de la SADC dont elle a par ailleurs assum\u00e9 la pr\u00e9sidence sous la direction du pr\u00e9sident Kabila, se traduit par \u00ab\u00a0<em class=\"spip\">sa ferme volont\u00e9 de tout mettre en oeuvre pour contribuer \u00e0 la stabilit\u00e9 r\u00e9gionale, ce dont elle se f\u00e9licite tout en saluant les progr\u00e8s observ\u00e9s dans la r\u00e9gion<\/em>\u00a0\u00bb.<\/p>\n<p class=\"spip\">C\u2019est sp\u00e9cialement le cas au Zimbabwe o\u00f9, sous la houlette de Jacob Zuma en tant que m\u00e9diateur, les principaux protagonistes sont parvenus \u00e0 un accord qui devrait mener \u00e0 une solution de la crise. Pour cette raison, il est demand\u00e9 \u00e0 la communaut\u00e9 internationale, \u00ab\u00a0<em class=\"spip\">un examen de la question et la lev\u00e9e des sanctions qui p\u00e8sent sur le Zimbabwe afin que ce pays puisse, enfin, se remettre sur les rails en vue de sa relance<\/em>\u00a0\u00bb.<\/p>\n<p class=\"spip\">\u00c9galement au Madagascar o\u00f9, aujourd\u2019hui, gr\u00e2ce \u00e0 la m\u00e9diation de l\u2019ancien pr\u00e9sident du Mozambique Joaquim Chissano, il est pr\u00e9vu d\u2019impliquer, dans le processus de dialogue, toutes les parties concern\u00e9es afin de trouver les voies et moyens de sortir de la crise, ce qui est tr\u00e8s encourageant.<\/p>\n<p class=\"spip\">Avec le passage de t\u00e9moin entre la RDC et la Namibie qui acc\u00e8de ainsi \u00e0 la t\u00eate de la SADC, M.\u00a0Bene M\u2019Poko a exprim\u00e9 l\u2019espoir \u00ab\u00a0<em class=\"spip\"> que des progr\u00e8s soient r\u00e9alis\u00e9s dans la r\u00e9gion, en particulier au Zimbabwe et \u00e0 Madagascar, de sorte que toute la r\u00e9gion de la SADC puisse devenir r\u00e9ellement un havre de paix<\/em>\u00a0\u00bb. .<\/p>\n<p class=\"spip\">Pour le peuple d\u2019Afrique du Sud, a indiqu\u00e9 le Chef de la diplomatie congolaise, tant que la RDC ne sera pas stabilis\u00e9e, l\u2019Afrique ne pourra d\u00e9coller \u00e9conomiquement car la RDC est consid\u00e9r\u00e9e comme un pays phare en Afrique centrale.<\/p>\n<p class=\"spip\">L\u2019ambassadeur a reconnu les m\u00e9rites de ses concitoyens qui se sont distingu\u00e9s par leur aide apport\u00e9e \u00e0 la RDC parmi lesquels le R\u00e9v\u00e9rend Frank Tshikala, ancien directeur de cabinet du Pr\u00e9sident Mbeki et l\u2019avocat Bumi.<\/p>\n<p>Pour terminer, il a tenu \u00e0 remercier la direction de l\u2019ANC, le gouvernement et le peuple d\u2019Afrique du sud pour leur appui au processus de r\u00e9tablissement de la paix et de la stabilit\u00e9 en RDC<strong class=\"spip\">.<\/strong><\/p>\n<div><object classid=\"clsid:d27cdb6e-ae6d-11cf-96b8-444553540000\" codebase=\"http:\/\/download.macromedia.com\/pub\/shockwave\/cabs\/flash\/swflash.cab#version=6,0,40,0\" width=\"480\" height=\"385\"><param name=\"width\" value=\"480\" \/><param name=\"height\" value=\"385\" \/><param name=\"allowfullscreen\" value=\"true\" \/><param name=\"allowscriptaccess\" value=\"always\" \/><param name=\"src\" value=\"http:\/\/www.youtube.com\/v\/dD8tClkNB9k&#038;hl=en_US&#038;fs=1\" \/><embed type=\"application\/x-shockwave-flash\" width=\"480\" height=\"385\" allowfullscreen=\"true\" allowscriptaccess=\"always\" src=\"http:\/\/www.youtube.com\/v\/dD8tClkNB9k&#038;hl=en_US&#038;fs=1\"><\/embed><\/object><\/div>\n<p>Source\u00a0<\/p>\n<p><a href=\"http:\/\/www.afriquechos.ch\/spip.php?article4751#\" title=\"WWW.AFRIQUECHOS.CH\">AFRIQUECHOS.CH <\/a><\/p>\n<!-- AddThis Advanced Settings generic via filter on the_content --><!-- AddThis Share Buttons generic via filter on the_content -->","protected":false},"excerpt":{"rendered":"<p>\u00c0 l\u2019occasion de la c\u00e9l\u00e9bration du cinquantenaire de l\u2019ind\u00e9pendance de son pays, l\u2019Ambassadeur de la&#8230;<!-- AddThis Advanced Settings generic via filter on get_the_excerpt --><!-- AddThis Share Buttons generic via filter on get_the_excerpt --><\/p>\n","protected":false},"author":1,"featured_media":413,"comment_status":"open","ping_status":"open","sticky":false,"template":"","format":"standard","meta":[],"categories":[6],"tags":[],"_links":{"self":[{"href":"https:\/\/amagep.co.za\/fr\/wp-json\/wp\/v2\/posts\/414"}],"collection":[{"href":"https:\/\/amagep.co.za\/fr\/wp-json\/wp\/v2\/posts"}],"about":[{"href":"https:\/\/amagep.co.za\/fr\/wp-json\/wp\/v2\/types\/post"}],"author":[{"embeddable":true,"href":"https:\/\/amagep.co.za\/fr\/wp-json\/wp\/v2\/users\/1"}],"replies":[{"embeddable":true,"href":"https:\/\/amagep.co.za\/fr\/wp-json\/wp\/v2\/comments?post=414"}],"version-history":[{"count":0,"href":"https:\/\/amagep.co.za\/fr\/wp-json\/wp\/v2\/posts\/414\/revisions"}],"wp:featuredmedia":[{"embeddable":true,"href":"https:\/\/amagep.co.za\/fr\/wp-json\/wp\/v2\/media\/413"}],"wp:attachment":[{"href":"https:\/\/amagep.co.za\/fr\/wp-json\/wp\/v2\/media?parent=414"}],"wp:term":[{"taxonomy":"category","embeddable":true,"href":"https:\/\/amagep.co.za\/fr\/wp-json\/wp\/v2\/categories?post=414"},{"taxonomy":"post_tag","embeddable":true,"href":"https:\/\/amagep.co.za\/fr\/wp-json\/wp\/v2\/tags?post=414"}],"curies":[{"name":"wp","href":"https:\/\/api.w.org\/{rel}","templated":true}]}}