{"id":407,"date":"2010-07-30T14:41:11","date_gmt":"2010-07-30T14:41:11","guid":{"rendered":"https:\/\/amagep.co.za\/fr\/2010\/07\/30\/nicolas-sarkozy-veut-durcir-la-loi-contre-les-francais-dorigine-etrangere\/"},"modified":"2010-07-30T14:41:11","modified_gmt":"2010-07-30T14:41:11","slug":"nicolas-sarkozy-veut-durcir-la-loi-contre-les-francais-dorigine-etrangere","status":"publish","type":"post","link":"https:\/\/amagep.co.za\/fr\/nicolas-sarkozy-veut-durcir-la-loi-contre-les-francais-dorigine-etrangere\/","title":{"rendered":"Nicolas Sarkozy veut durcir la loi contre les Fran\u00e7ais d&rsquo;origine \u00e9trang\u00e8re"},"content":{"rendered":"<p><img loading=\"lazy\" class=\" size-full wp-image-406\" src=\"https:\/\/amagep.co.za\/fr\/wp-content\/uploads\/2010\/07\/nicolas_sarkozy.jpg\" border=\"0\" width=\"399\" height=\"550\" srcset=\"https:\/\/amagep.co.za\/fr\/wp-content\/uploads\/2010\/07\/nicolas_sarkozy.jpg 398w, https:\/\/amagep.co.za\/fr\/wp-content\/uploads\/2010\/07\/nicolas_sarkozy-217x300.jpg 217w\" sizes=\"(max-width: 399px) 100vw, 399px\" \/>Le pr\u00e9sident Nicolas<\/p>\n<p> Sarkozy a menac\u00e9 vendredi de d\u00e9choir de la  nationalit\u00e9 fran\u00e7aise toute personne d&rsquo;origine \u00e9trang\u00e8re qui porterait  volontairement atteinte \u00e0 la vie d&rsquo;un policier ou d&rsquo;un gendarme.<\/p>\n<p> <!--more-->  <\/p>\n<p>&nbsp;<\/p>\n<p>Lors d&rsquo;un discours \u00e0 la pr\u00e9fecture de police de l&rsquo;Is\u00e8re \u00e0 l&rsquo;occasion  de l&rsquo;installation du nouveau pr\u00e9fet, l&rsquo;ex-policier Eric Le Douaron, il a  mis en cause les d\u00e9faillances du mod\u00e8le fran\u00e7ais d&rsquo;int\u00e9gration des  immigr\u00e9s.<\/p>\n<p>\u00ab\u00a0Nous subissons les cons\u00e9quences de 50 ann\u00e9es d&rsquo;immigration  insuffisamment r\u00e9gul\u00e9e\u00a0\u00bb, a d\u00e9clar\u00e9 le chef de l&rsquo;Etat, qui y voit les  causes de ces d\u00e9faillances.<\/p>\n<p>Il a annonc\u00e9 que le gouvernement allait r\u00e9\u00e9valuer les motifs pouvant  donner lieu \u00e0 la d\u00e9ch\u00e9ance de la nationalit\u00e9 fran\u00e7aise.<\/p>\n<p>\u00ab\u00a0La nationalit\u00e9 fran\u00e7aise doit pouvoir \u00eatre retir\u00e9e \u00e0 toute personne  d&rsquo;origine \u00e9trang\u00e8re qui aurait volontairement port\u00e9 atteinte \u00e0 la vie  d&rsquo;un policier, d&rsquo;un militaire de la gendarmerie ou de toute autre  personne d\u00e9positaire de l&rsquo;autorit\u00e9 publique\u00a0\u00bb, a-t-il ajout\u00e9. \u00ab\u00a0La  nationalit\u00e9 fran\u00e7aise se m\u00e9rite et il faut pouvoir s&rsquo;en montrer digne.\u00a0\u00bb<\/p>\n<p>Des policiers grenoblois ont \u00e9t\u00e9 menac\u00e9s de mort apr\u00e8s une fusillade  le 16 juillet dans laquelle un malfaiteur a \u00e9t\u00e9 abattu apr\u00e8s s&rsquo;\u00eatre  attaqu\u00e9 \u00e0 un casino de la r\u00e9gion.<\/p>\n<p>Pendant trois nuits de suite, des jeunes habitants du quartier de La  Villeneuve, d&rsquo;o\u00f9 \u00e9tait originaire le braqueur,  avaient incendi\u00e9 des  voitures et tir\u00e9 \u00e0 balles r\u00e9elles sur des <br \/> policiers apr\u00e8s cet \u00e9pisode, ce qui a entra\u00een\u00e9 le limogeage du pr\u00e9fet  Albert Dupuy.<\/p>\n<p>Le chef de l&rsquo;Etat a \u00e9galement souhait\u00e9 que l&rsquo;acquisition de la  nationalit\u00e9 fran\u00e7aise pour un mineur d\u00e9linquant ne soit plus automatique  au moment de sa majorit\u00e9.<\/p>\n<p>Il a par ailleurs annonc\u00e9 que les peines plancher, jusqu&rsquo;ici  r\u00e9serv\u00e9es aux multir\u00e9cidivistes, seraient \u00e9tendues \u00e0 partir du 7  septembre \u00e0 toutes les formes de violences aggrav\u00e9es, notamment contre  les personnes d\u00e9positaires de l&rsquo;autorit\u00e9 publique.<\/p>\n<p><strong>Responsabilit\u00e9 p\u00e9nale des parents<\/strong><\/p>\n<p>Il a souhait\u00e9 le d\u00e9veloppement du champ d&rsquo;application du bracelet  \u00e9lectronique pour mieux contr\u00f4ler et surveiller les d\u00e9linquants quand  ils ne sont pas en prison.<\/p>\n<p>Nicolas Sarkozy a rappel\u00e9 qu&rsquo;il avait demand\u00e9 \u00e0 la ministre de la  Justice Mich\u00e8le Alliot-Marie de pr\u00e9parer \u00ab\u00a0sans tabou\u00a0\u00bb une \u00ab\u00a0r\u00e9forme  profonde\u00a0\u00bb du droit p\u00e9nal applicable aux mineurs.<\/p>\n<p>Le gouvernement pr\u00e9pare d\u00e9j\u00e0 un texte qui permettra de mettre la  responsabilit\u00e9 des parents en cause.<\/p>\n<p>\u00ab\u00a0Les parents manifestement n\u00e9gligents pourront voir leur  responsabilit\u00e9 engag\u00e9e sur le plan p\u00e9nal\u00a0\u00bb, a pr\u00e9cis\u00e9 le pr\u00e9sident de la  R\u00e9publique.<\/p>\n<p>Il \u00e9galement \u00e9mis le souhait que les droits et les prestations  auxquelles ont acc\u00e8s les \u00e9trangers en situation irr\u00e9guli\u00e8re en France  soient r\u00e9\u00e9valu\u00e9s.<\/p>\n<p>\u00ab\u00a0Une situation irr\u00e9guli\u00e8re ne peut conf\u00e9rer plus de droits qu&rsquo;une  situation r\u00e9guli\u00e8re et l\u00e9gale\u00a0\u00bb, a-t-il dit.<\/p>\n<p>Nicolas Sarkozy s&rsquo;en est pris sans le nommer au d\u00e9put\u00e9 maire  socialiste de Grenoble, Michel Destot, qui r\u00e9clame un \u00ab\u00a0Grenelle de la  s\u00e9curit\u00e9\u00a0\u00bb pour r\u00e9fl\u00e9chir au niveau national aux nouvelles formes de  d\u00e9linquance et aux r\u00e9ponses \u00e0 leur apporter.<\/p>\n<p>\u00ab\u00a0Il ne peut pas y avoir de na\u00efvet\u00e9 et d&rsquo;ang\u00e9lisme en la mati\u00e8re\u00a0\u00bb,  a-t-il d\u00e9clar\u00e9.<\/p>\n<p>Le d\u00e9put\u00e9-maire socialiste de Grenoble, Michel Destot, avait estim\u00e9  auparavant que les pouvoirs publics n&rsquo;avaient pas \u00e0 \u00ab\u00a0faire la guerre \u00e0  qui que ce soit\u00a0\u00bb mais \u00e0 \u00ab\u00a0faire la paix\u00a0\u00bb <br \/> sociale pour donner la preuve de leur efficacit\u00e9.<\/p>\n<p>Lors du conseil des ministres du 21 juillet, Nicolas Sarkozy avait  redit que le gouvernement entendait mener \u00ab\u00a0une lutte implacable contre  la criminalit\u00e9\u00a0\u00bb.<\/p>\n<p>\u00ab\u00a0C&rsquo;est une v\u00e9ritable guerre que nous allons livrer aux trafiquants et  aux d\u00e9linquants\u00a0\u00bb, avait-il dit.<\/p>\n<p> Nicolas Sarkozy \u00e9tait arriv\u00e9 vendredi en fin de matin\u00e9e \u00e0 Grenoble o\u00f9  il a d&rsquo;abord pass\u00e9 pr\u00e8s d&rsquo;une heure et demie \u00e0 l&rsquo;H\u00f4tel de Police avec  les policiers et leurs repr\u00e9sentants syndicaux.<\/p>\n<p>Source\u00a0<\/p>\n<p><a href=\"http:\/\/www.france24.com\/fr\/20100730-sarkozy-durcir-loi-contre-francais-origine-etrangere-nationalite-france\" title=\"www.france24.com\">France24.com <\/a><\/p>\n<p>&nbsp;<\/p>\n<!-- AddThis Advanced Settings generic via filter on the_content --><!-- AddThis Share Buttons generic via filter on the_content -->","protected":false},"excerpt":{"rendered":"<p>Le pr\u00e9sident Nicolas Sarkozy a menac\u00e9 vendredi de d\u00e9choir de la nationalit\u00e9 fran\u00e7aise toute personne&#8230;<!-- AddThis Advanced Settings generic via filter on get_the_excerpt --><!-- AddThis Share Buttons generic via filter on get_the_excerpt --><\/p>\n","protected":false},"author":1,"featured_media":406,"comment_status":"open","ping_status":"open","sticky":false,"template":"","format":"standard","meta":[],"categories":[6],"tags":[],"_links":{"self":[{"href":"https:\/\/amagep.co.za\/fr\/wp-json\/wp\/v2\/posts\/407"}],"collection":[{"href":"https:\/\/amagep.co.za\/fr\/wp-json\/wp\/v2\/posts"}],"about":[{"href":"https:\/\/amagep.co.za\/fr\/wp-json\/wp\/v2\/types\/post"}],"author":[{"embeddable":true,"href":"https:\/\/amagep.co.za\/fr\/wp-json\/wp\/v2\/users\/1"}],"replies":[{"embeddable":true,"href":"https:\/\/amagep.co.za\/fr\/wp-json\/wp\/v2\/comments?post=407"}],"version-history":[{"count":0,"href":"https:\/\/amagep.co.za\/fr\/wp-json\/wp\/v2\/posts\/407\/revisions"}],"wp:featuredmedia":[{"embeddable":true,"href":"https:\/\/amagep.co.za\/fr\/wp-json\/wp\/v2\/media\/406"}],"wp:attachment":[{"href":"https:\/\/amagep.co.za\/fr\/wp-json\/wp\/v2\/media?parent=407"}],"wp:term":[{"taxonomy":"category","embeddable":true,"href":"https:\/\/amagep.co.za\/fr\/wp-json\/wp\/v2\/categories?post=407"},{"taxonomy":"post_tag","embeddable":true,"href":"https:\/\/amagep.co.za\/fr\/wp-json\/wp\/v2\/tags?post=407"}],"curies":[{"name":"wp","href":"https:\/\/api.w.org\/{rel}","templated":true}]}}