{"id":403,"date":"2010-07-13T18:03:46","date_gmt":"2010-07-13T18:03:46","guid":{"rendered":"https:\/\/amagep.co.za\/fr\/2010\/07\/13\/lespagne-nen-finit-plus-de-feter-son-titre-de-champion-du-monde\/"},"modified":"2010-07-13T18:03:46","modified_gmt":"2010-07-13T18:03:46","slug":"lespagne-nen-finit-plus-de-feter-son-titre-de-champion-du-monde","status":"publish","type":"post","link":"https:\/\/amagep.co.za\/fr\/lespagne-nen-finit-plus-de-feter-son-titre-de-champion-du-monde\/","title":{"rendered":"L\u2019Espagne n\u2019en finit plus de f\u00eater son titre de champion du monde."},"content":{"rendered":"<p>La Roja s\u2019est impos\u00e9e dimanche 11 juillet 2010 face aux Pays-Bas en finale du Mondial 2010 organis\u00e9 en Afrique du Sud. Une victoire 1-0 historique pour les joueurs qui obtiennent le premier titre de champion du monde pour l&rsquo;Espagne. Une cons\u00e9cration c\u00e9l\u00e9br\u00e9e dans tout le pays.<br \/> <!--more--> <br \/>C\u2019est un s\u00e9isme indescriptible qui parcourt l\u2019Espagne. La sensation de vivre un moment historique. Une onde de choc qui s\u2019est r\u00e9pandue avec le but d\u2019Andr\u00e8s Iniesta qui donne \u00e0 l\u2019Espagne sa premi\u00e8re Coupe du monde apr\u00e8s 20, 30, 50 ans d\u2019attente voir plus.<\/p>\n<p>En pleine d\u00e9pression \u00e9conomique, alors que le pays conna\u00eet 20% de ch\u00f4mage, les Espagnols vivent un immense moment de bonheur qui est aussi un moment d\u2019unit\u00e9 exceptionnelle entre toutes les r\u00e9gions, toutes les communaut\u00e9s autonomes du Pays Basque \u00e0 la Castille de la Catalogne aux \u00eeles Canaries.<\/p>\n<p>On entend partout \u00ab Campeones del mundo \u00bb (Champions du monde), mais aussi \u00ab Yo soy espanol \u00bb (Je suis espagnol). La grande phrase incantatoire de ce Mondial qui manifeste un sentiment de communion entre des r\u00e9gions souvent hostiles. Un grand moment de joie aussi en pleine d\u00e9prime \u00e9conomique. D\u00e9cid\u00e9ment, ce Mondial aura \u00e9t\u00e9 un baume au c\u0153ur \u00e0 tout point de vue.<\/p>\n<p>Et puis, orgueil majuscule : l\u2019Espagne entre dans le club restreint des pays ayant gagn\u00e9 une Coupe du monde. La f\u00eate, ici la fiesta, ne fait que commencer.<\/p>\n<!-- AddThis Advanced Settings generic via filter on the_content --><!-- AddThis Share Buttons generic via filter on the_content -->","protected":false},"excerpt":{"rendered":"<p>La Roja s\u2019est impos\u00e9e dimanche 11 juillet 2010 face aux Pays-Bas en finale du Mondial&#8230;<!-- AddThis Advanced Settings generic via filter on get_the_excerpt --><!-- AddThis Share Buttons generic via filter on get_the_excerpt --><\/p>\n","protected":false},"author":1,"featured_media":0,"comment_status":"open","ping_status":"open","sticky":false,"template":"","format":"standard","meta":[],"categories":[7],"tags":[],"_links":{"self":[{"href":"https:\/\/amagep.co.za\/fr\/wp-json\/wp\/v2\/posts\/403"}],"collection":[{"href":"https:\/\/amagep.co.za\/fr\/wp-json\/wp\/v2\/posts"}],"about":[{"href":"https:\/\/amagep.co.za\/fr\/wp-json\/wp\/v2\/types\/post"}],"author":[{"embeddable":true,"href":"https:\/\/amagep.co.za\/fr\/wp-json\/wp\/v2\/users\/1"}],"replies":[{"embeddable":true,"href":"https:\/\/amagep.co.za\/fr\/wp-json\/wp\/v2\/comments?post=403"}],"version-history":[{"count":0,"href":"https:\/\/amagep.co.za\/fr\/wp-json\/wp\/v2\/posts\/403\/revisions"}],"wp:attachment":[{"href":"https:\/\/amagep.co.za\/fr\/wp-json\/wp\/v2\/media?parent=403"}],"wp:term":[{"taxonomy":"category","embeddable":true,"href":"https:\/\/amagep.co.za\/fr\/wp-json\/wp\/v2\/categories?post=403"},{"taxonomy":"post_tag","embeddable":true,"href":"https:\/\/amagep.co.za\/fr\/wp-json\/wp\/v2\/tags?post=403"}],"curies":[{"name":"wp","href":"https:\/\/api.w.org\/{rel}","templated":true}]}}