{"id":400,"date":"2010-07-01T07:42:57","date_gmt":"2010-07-01T07:42:57","guid":{"rendered":"https:\/\/amagep.co.za\/fr\/2010\/07\/01\/un-imposant-defile-a-kinshasa-a-marque-la-commemoration-du-cinquantenaire-de-la-rdc\/"},"modified":"2010-07-01T07:42:57","modified_gmt":"2010-07-01T07:42:57","slug":"un-imposant-defile-a-kinshasa-a-marque-la-commemoration-du-cinquantenaire-de-la-rdc","status":"publish","type":"post","link":"https:\/\/amagep.co.za\/fr\/un-imposant-defile-a-kinshasa-a-marque-la-commemoration-du-cinquantenaire-de-la-rdc\/","title":{"rendered":"Un imposant d\u00e9fil\u00e9 \u00e0 Kinshasa a marqu\u00e9 la comm\u00e9moration du Cinquantenaire de la Rdc"},"content":{"rendered":"<p>Environ plus de 5.000 militaires et policiers congolais, une centaine de chars et v\u00e9hicules ont d\u00e9fil\u00e9 sur le \u00ab boulevard Triomphal \u00bb, totalement r\u00e9nov\u00e9, non loin du stade des Martyrs et du Palais du peuple.<\/p>\n<p> <!--more--> <br \/>Un imposant d\u00e9fil\u00e9\u00a0 des Forces arm\u00e9es de la Rdc, de la police nationale et de la population civile a \u00e9t\u00e9 organis\u00e9, mercredi 30 juin 2010 sur le boulevard Triomphal \u00e0 Kinshasa, pour c\u00e9l\u00e9brer le demi-si\u00e8cle de l\u2019accession du Congo \u00e0 la souverainet\u00e9 nationale et internationale. Pour donner \u00e0 cet \u00e9v\u00e8nement une dimension sp\u00e9ciale, les forces onusiennes ont \u00e9t\u00e9 associ\u00e9es \u00e0 ce d\u00e9fil\u00e9.<\/p>\n<p>Parmi les invit\u00e9s d\u2019honneurs qui ont pris place \u00e0 la tribune, on a not\u00e9 la pr\u00e9sence des chefs d\u2019Etats, des vice-pr\u00e9sidents, d\u2019anciens pr\u00e9sidents, des chefs des gouvernements, d\u2019\u00e9minents membres des d\u00e9l\u00e9gations des Usa, de la France, de Vatican, d\u2019Isra\u00ebl, de la Libye, du Japon, de l\u2019Espagne, des ministres des D\u00e9fenses des pays amis, les membres du parlement europ\u00e9en, des grad\u00e9s militaires etc sans compter les autorit\u00e9s congolaises et le corps diplomatique accr\u00e9dit\u00e9 \u00e0 Kinshasa.<\/p>\n<p>Deux Rois ont rehauss\u00e9 de leur pr\u00e9sence la c\u00e9r\u00e9monie de la comm\u00e9moration du jubil\u00e9 d\u2019or de la Rdc, Albert II de la Belgique accompagn\u00e9 de la reine Paola, et Mswati III de Swaziland. Parmi les chefs d&rsquo;Etat africains pr\u00e9sents figuraient le Rwandais Paul Kagame, Robert Mugabe (Zimbabwe), Ali Bongo Ondimba (Gabon), Denis Sassou Nguesso de Congo\/Brazzaville, Fran\u00e7ois Boziz\u00e9 de la R\u00e9publique Centrafricaine, Yoweri Museveni de l\u2019Ouganda. Le secr\u00e9taire g\u00e9n\u00e9ral de l\u2019Onu, Ban Ki-Moon et l\u2019ancien pr\u00e9sident du Botswana Ket Masire \u00e9taient \u00e9galement pr\u00e9sents \u00e0 cette c\u00e9r\u00e9monie.<\/p>\n<p>Trois temps forts ont marqu\u00e9 cet \u00e9v\u00e9nement historique, la s\u00e9ance de pri\u00e8re des responsables des confessions religieuses, l\u2019adresse du chef de l\u2019Etat Joseph Kabila \u00e0 la Nation et le d\u00e9fil\u00e9 proprement-dit. <\/p>\n<p>Dans leurs pri\u00e8res, les serviteurs de Dieu ont rendu gr\u00e2ce \u00e0 l\u2019Eternel pour avoir dot\u00e9 la Rdc d\u2019\u00e9normes ressources humaines, culturelles et naturelles. Ils ont demand\u00e9 pardon au nom de tous les Congolais pour la mauvaise gestion de ces ressources et ont interc\u00e9d\u00e9 pour que les prochains cinquante ans apportent la prosp\u00e9rit\u00e9. <\/p>\n<p>Dans son discours, Joseph Kabila a mis l\u2019accent sur l\u2019unit\u00e9 du pays qui est l\u2019une des victoires remarquables de ces derni\u00e8res cinquante ann\u00e9es. Il a \u00e9galement \u00e9pingl\u00e9 le r\u00e9tablissement de la paix, la r\u00e9conciliation nationale, l\u2019instauration de la d\u00e9mocratie comme des acquis de ce demi-si\u00e8cle.<\/p>\n<p>Le chef de l\u2019Etat a not\u00e9 avec fiert\u00e9 l\u2019\u00e9mergence de la conscience nationale et le redressement du Congo qui tel un g\u00e9ant se r\u00e9veille apr\u00e8s un long sommeil. Ce n\u2019est donc pas un hasard si non loin de la tribune officielle, une immense banderole proclamait \u00ab Le r\u00e9veil du g\u00e9ant, RDC, paradis terrestre \u00bb.<\/p>\n<p>Il n\u2019a pas manqu\u00e9 de rendre hommage \u00e0 ses pr\u00e9d\u00e9cesseurs dont les effigies \u00e9taient d\u00e9ploy\u00e9s sur le magnifique b\u00e2timent abritant le si\u00e8ge du Parlement. Il s\u2019agit, notamment, de Mobutu Sese-Seko (1965-1997), un militant de l\u2019authenticit\u00e9 et L.D Kabila (1997-2001), un d\u00e9fenseur de la dignit\u00e9 du Congo.<\/p>\n<p>Environ plus de 5.000 militaires et policiers congolais, une centaine de chars et v\u00e9hicules ont d\u00e9fil\u00e9 sur le \u00ab boulevard Triomphal \u00bb, totalement r\u00e9nov\u00e9, non loin du stade des Martyrs et du Palais du peuple. Le d\u00e9fil\u00e9 militaire a \u00e9t\u00e9 ponctu\u00e9 des tirs de Cinquante coups de canon.<\/p>\n<p>&nbsp;<\/p>\n<p>&nbsp;<\/p>\n<p>Source\u00a0<\/p>\n<p><a href=\"http:\/\/www.digitalcongo.net\/article\/68128 \" title=\"www.digitalcongo.net\">Digitalcongo.net <\/a><\/p>\n<!-- AddThis Advanced Settings generic via filter on the_content --><!-- AddThis Share Buttons generic via filter on the_content -->","protected":false},"excerpt":{"rendered":"<p>Environ plus de 5.000 militaires et policiers congolais, une centaine de chars et v\u00e9hicules ont&#8230;<!-- AddThis Advanced Settings generic via filter on get_the_excerpt --><!-- AddThis Share Buttons generic via filter on get_the_excerpt --><\/p>\n","protected":false},"author":1,"featured_media":0,"comment_status":"open","ping_status":"open","sticky":false,"template":"","format":"standard","meta":[],"categories":[6],"tags":[],"_links":{"self":[{"href":"https:\/\/amagep.co.za\/fr\/wp-json\/wp\/v2\/posts\/400"}],"collection":[{"href":"https:\/\/amagep.co.za\/fr\/wp-json\/wp\/v2\/posts"}],"about":[{"href":"https:\/\/amagep.co.za\/fr\/wp-json\/wp\/v2\/types\/post"}],"author":[{"embeddable":true,"href":"https:\/\/amagep.co.za\/fr\/wp-json\/wp\/v2\/users\/1"}],"replies":[{"embeddable":true,"href":"https:\/\/amagep.co.za\/fr\/wp-json\/wp\/v2\/comments?post=400"}],"version-history":[{"count":0,"href":"https:\/\/amagep.co.za\/fr\/wp-json\/wp\/v2\/posts\/400\/revisions"}],"wp:attachment":[{"href":"https:\/\/amagep.co.za\/fr\/wp-json\/wp\/v2\/media?parent=400"}],"wp:term":[{"taxonomy":"category","embeddable":true,"href":"https:\/\/amagep.co.za\/fr\/wp-json\/wp\/v2\/categories?post=400"},{"taxonomy":"post_tag","embeddable":true,"href":"https:\/\/amagep.co.za\/fr\/wp-json\/wp\/v2\/tags?post=400"}],"curies":[{"name":"wp","href":"https:\/\/api.w.org\/{rel}","templated":true}]}}