{"id":392,"date":"2010-06-11T13:26:26","date_gmt":"2010-06-11T13:26:26","guid":{"rendered":"https:\/\/amagep.co.za\/fr\/2010\/06\/11\/mondial-incertitudes-sur-la-presence-de-mandela-apres-le-deces-son-arriere-fille\/"},"modified":"2010-06-11T13:26:26","modified_gmt":"2010-06-11T13:26:26","slug":"mondial-incertitudes-sur-la-presence-de-mandela-apres-le-deces-son-arriere-fille","status":"publish","type":"post","link":"https:\/\/amagep.co.za\/fr\/mondial-incertitudes-sur-la-presence-de-mandela-apres-le-deces-son-arriere-fille\/","title":{"rendered":"Mondial: Incertitudes sur la pr\u00e9sence de Mandela apr\u00e8s le d\u00e9c\u00e8s de son arri\u00e8re-petite-fille"},"content":{"rendered":"<p class=\"spip\"><img loading=\"lazy\" class=\" size-full wp-image-391\" src=\"https:\/\/amagep.co.za\/fr\/wp-content\/uploads\/2010\/06\/mandela_family.jpg\" border=\"0\" width=\"450\" height=\"224\" srcset=\"https:\/\/amagep.co.za\/fr\/wp-content\/uploads\/2010\/06\/mandela_family.jpg 450w, https:\/\/amagep.co.za\/fr\/wp-content\/uploads\/2010\/06\/mandela_family-300x149.jpg 300w\" sizes=\"(max-width: 450px) 100vw, 450px\" \/><\/p>\n<p class=\"spip\">La pr\u00e9sence de Nelson Mandela \u00e0 la c\u00e9r\u00e9monie d\u2019ouverture du Mondial vendredi apr\u00e8s-midi, \u00e9tait incertaine apr\u00e8s la mort de son arri\u00e8re-petite-fille Zenani, 13 ans, tu\u00e9e dans la nuit dans un accident de voiture, selon sa famille et la Fondation Mandela.<\/p>\n<p> <!--more--> <\/p>\n<p class=\"spip\">\u00ab\u00a0<em class=\"spip\">En ce qui concerne sa pr\u00e9sence<\/em> (\u00e0 la c\u00e9r\u00e9monie), <em class=\"spip\">c\u2019est quelque chose que nous annoncerons ult\u00e9rieurement<\/em>\u00a0\u00bb, a d\u00e9clar\u00e9 le porte-parole de la Fondation, Sello Hating.<\/p>\n<p class=\"spip\">\u00ab\u00a0<em class=\"spip\">Nous devons accorder \u00e0 Madiba<\/em> (nom de clan de M.\u00a0Mandela) <em class=\"spip\">et \u00e0 sa famille le temps du deuil<\/em>\u00a0\u00bb, a-t-il ajout\u00e9. \u00ab\u00a0<em class=\"spip\">Nous sommes tous sous le choc de la mort de cette enfant.<\/em>\u00a0\u00bb\u00a0\u00bb Mandla Mandela, petit fils du premier pr\u00e9sident noir d\u2019Afrique du Sud et porte-parole de la famille, a confirm\u00e9 ces incertitudes. \u00ab\u00a0<em class=\"spip\">Nous ne savons pas encore, nous ne savons pas<\/em>\u00a0\u00bb, a-t-il d\u00e9clar\u00e9 \u00e0 l\u2019AFP.<\/p>\n<p class=\"spip\">Nelson Mandela, \u00e2g\u00e9 de pr\u00e8s de 92 ans, devait assister au moins bri\u00e8vement \u00e0 la c\u00e9r\u00e9monie d\u2019ouverture vendredi \u00e0 <em class=\"spip\">Soccer City<\/em>, en d\u00e9pit de sa sant\u00e9 fragile.<\/p>\n<p class=\"spip\">Cette Coupe du monde, la premi\u00e8re organis\u00e9e en Afrique, est v\u00e9cue dans le pays comme une cons\u00e9cration de la d\u00e9mocratie post-apartheid. L\u2019arri\u00e8re-petite-fille de Nelson Mandela a \u00e9t\u00e9 tu\u00e9e dans un accident de la route t\u00f4t vendredi apr\u00e8s le concert donn\u00e9 pour le lancement du Mondial de football en Afrique du Sud, dont le coup d\u2019envoi doit \u00eatre donn\u00e9 \u00e0 16h00 (14h00 GMT).<\/p>\n<p class=\"spip\">\u00ab\u00a0<em class=\"spip\">Zenani Mandela, 13 ans, rentrait en voiture du concert de lancement du Mondial au stade Orlando lorsque l\u2019accident s\u2019est produit. Une seule voiture a \u00e9t\u00e9 impliqu\u00e9e et personne d\u2019autre n\u2019a \u00e9t\u00e9 bless\u00e9<\/em>\u00a0\u00bb, a annonc\u00e9 la Fondation Mandela, qui g\u00e8re le nom du premier pr\u00e9sident noir d\u2019Afrique du Sud. La voiture s\u2019est retourn\u00e9e sur une autoroute qui traverse le centre de Johannesburg, alors que Zenani rentrait d\u2019un concert de super-stars \u00e0 Soweto, au sud de la ville, qui marquait le d\u00e9but des festivit\u00e9s de la Coupe du monde, a pr\u00e9cis\u00e9 une porte-parole de la police, le colonel Noxolo Kweza. \u00ab\u00a0<em class=\"spip\">Le conducteur de la voiture \u00e9tait ivre et doit \u00eatre inculp\u00e9 d\u2019homicide<\/em>\u00a0\u00bb, a annonc\u00e9 la police.<\/p>\n<p class=\"spip\"><strong class=\"spip\">Winnie Madikizela Mandela, n\u2019\u00e9tait pas dans la voiture<\/strong><\/p>\n<p class=\"spip\">L\u2019ancienne \u00e9pouse de Nelson Mandela, \u00ab\u00a0<em class=\"spip\">Winnie Madikizela Mandela, n\u2019\u00e9tait pas dans la voiture<\/em>\u00a0\u00bb dont l\u2019accident a co\u00fbt\u00e9 la vie \u00e0 son arri\u00e8re-petite-fille \u00ab\u00a0<em class=\"spip\">mais a \u00e9t\u00e9 soign\u00e9e \u00e0 l\u2019h\u00f4pital pour un \u00e9tat de choc<\/em>\u00a0\u00bb, a indiqu\u00e9 la Fondation Mandela. \u00ab\u00a0<em class=\"spip\">Zenani, qui avait c\u00e9l\u00e9br\u00e9 son 13e anniversaire le 9 juin, \u00e9tait l\u2019a\u00een\u00e9e des enfants de Zoleka Seakamela et l\u2019une des neuf arri\u00e8re-petites-filles de M.\u00a0Nelson Mandela<\/em>\u00a0\u00bb, pr\u00e9cise le communiqu\u00e9 de la Fondation.<\/p>\n<p class=\"spip\">L\u2019accident endeuille une journ\u00e9e qui devait \u00eatre consacr\u00e9e \u00e0 la f\u00eate. Nelson Mandela, symbole mondial de la libert\u00e9 et de la r\u00e9conciliation, devait prendre place dans les tribunes de Soccer City, le gigantesque stade \u00e9rig\u00e9 entre Soweto et Johannesburg, pour la c\u00e9r\u00e9monie d\u2019ouverture du Mondial.<\/p>\n<p class=\"spip\">Le coup d\u2019envoi du match d\u2019ouverture, Afrique du Sud-Mexique, est pr\u00e9vu \u00e0 16h00 (14h00 GMT) \u00e0 Soccer City, suivi d\u2019un France-Uruguay dans la soir\u00e9e au Cap <\/p>\n<p class=\"spip\">\u00a0Source <\/p>\n<p class=\"spip\"><a href=\"http:\/\/www.afriquechos.ch\/spip.php?article4670\" title=\"WWW.AFRIQUECHOS.CH\">AFRIQUECHOS.CH <\/a><\/p>\n<p class=\"spip\">&nbsp;<\/p>\n<!-- AddThis Advanced Settings generic via filter on the_content --><!-- AddThis Share Buttons generic via filter on the_content -->","protected":false},"excerpt":{"rendered":"<p>La pr\u00e9sence de Nelson Mandela \u00e0 la c\u00e9r\u00e9monie d\u2019ouverture du Mondial vendredi apr\u00e8s-midi, \u00e9tait incertaine&#8230;<!-- AddThis Advanced Settings generic via filter on get_the_excerpt --><!-- AddThis Share Buttons generic via filter on get_the_excerpt --><\/p>\n","protected":false},"author":1,"featured_media":391,"comment_status":"open","ping_status":"open","sticky":false,"template":"","format":"standard","meta":[],"categories":[5],"tags":[],"_links":{"self":[{"href":"https:\/\/amagep.co.za\/fr\/wp-json\/wp\/v2\/posts\/392"}],"collection":[{"href":"https:\/\/amagep.co.za\/fr\/wp-json\/wp\/v2\/posts"}],"about":[{"href":"https:\/\/amagep.co.za\/fr\/wp-json\/wp\/v2\/types\/post"}],"author":[{"embeddable":true,"href":"https:\/\/amagep.co.za\/fr\/wp-json\/wp\/v2\/users\/1"}],"replies":[{"embeddable":true,"href":"https:\/\/amagep.co.za\/fr\/wp-json\/wp\/v2\/comments?post=392"}],"version-history":[{"count":0,"href":"https:\/\/amagep.co.za\/fr\/wp-json\/wp\/v2\/posts\/392\/revisions"}],"wp:featuredmedia":[{"embeddable":true,"href":"https:\/\/amagep.co.za\/fr\/wp-json\/wp\/v2\/media\/391"}],"wp:attachment":[{"href":"https:\/\/amagep.co.za\/fr\/wp-json\/wp\/v2\/media?parent=392"}],"wp:term":[{"taxonomy":"category","embeddable":true,"href":"https:\/\/amagep.co.za\/fr\/wp-json\/wp\/v2\/categories?post=392"},{"taxonomy":"post_tag","embeddable":true,"href":"https:\/\/amagep.co.za\/fr\/wp-json\/wp\/v2\/tags?post=392"}],"curies":[{"name":"wp","href":"https:\/\/api.w.org\/{rel}","templated":true}]}}