{"id":390,"date":"2010-06-11T09:47:08","date_gmt":"2010-06-11T09:47:08","guid":{"rendered":"https:\/\/amagep.co.za\/fr\/2010\/06\/11\/shakira-et-les-black-eyed-peas-ont-ouvert-la-coupe-du-monde\/"},"modified":"2010-06-11T09:47:08","modified_gmt":"2010-06-11T09:47:08","slug":"shakira-et-les-black-eyed-peas-ont-ouvert-la-coupe-du-monde","status":"publish","type":"post","link":"https:\/\/amagep.co.za\/fr\/shakira-et-les-black-eyed-peas-ont-ouvert-la-coupe-du-monde\/","title":{"rendered":"Shakira et les Black Eyed Peas ont ouvert la Coupe du Monde"},"content":{"rendered":"<p><!--  \/* Font Definitions *\/  @font-face \t{font-family:\"Cambria Math\"; \tpanose-1:0 0 0 0 0 0 0 0 0 0; \tmso-font-charset:1; \tmso-generic-font-family:roman; \tmso-font-format:other; \tmso-font-pitch:variable; \tmso-font-signature:0 0 0 0 0 0;} @font-face \t{font-family:Calibri; \tpanose-1:2 15 5 2 2 2 4 3 2 4; \tmso-font-charset:0; \tmso-generic-font-family:swiss; \tmso-font-pitch:variable; \tmso-font-signature:-1610611985 1073750139 0 0 159 0;}  \/* Style Definitions *\/  p.MsoNormal, li.MsoNormal, div.MsoNormal \t{mso-style-unhide:no; \tmso-style-qformat:yes; \tmso-style-parent:\"\"; \tmargin-top:0in; \tmargin-right:0in; \tmargin-bottom:10.0pt; \tmargin-left:0in; \tline-height:115%; \tmso-pagination:widow-orphan; \tfont-size:11.0pt; \tfont-family:\"Calibri\",\"sans-serif\"; \tmso-ascii-font-family:Calibri; \tmso-ascii-theme-font:minor-latin; \tmso-fareast-font-family:Calibri; \tmso-fareast-theme-font:minor-latin; \tmso-hansi-font-family:Calibri; \tmso-hansi-theme-font:minor-latin; \tmso-bidi-font-family:\"Times New Roman\"; \tmso-bidi-theme-font:minor-bidi;} .MsoChpDefault \t{mso-style-type:export-only; \tmso-default-props:yes; \tmso-ascii-font-family:Calibri; \tmso-ascii-theme-font:minor-latin; \tmso-fareast-font-family:Calibri; \tmso-fareast-theme-font:minor-latin; \tmso-hansi-font-family:Calibri; \tmso-hansi-theme-font:minor-latin; \tmso-bidi-font-family:\"Times New Roman\"; \tmso-bidi-theme-font:minor-bidi;} .MsoPapDefault \t{mso-style-type:export-only; \tmargin-bottom:10.0pt; \tline-height:115%;} @page Section1 \t{size:8.5in 11.0in; \tmargin:1.0in 1.0in 1.0in 1.0in; \tmso-header-margin:.5in; \tmso-footer-margin:.5in; \tmso-paper-source:0;} div.Section1 \t{page:Section1;} --><\/p>\n<p style=\"line-height: normal\" class=\"MsoNormal\"><img loading=\"lazy\" class=\" size-full wp-image-389\" src=\"https:\/\/amagep.co.za\/fr\/wp-content\/uploads\/2010\/06\/world-cup-concert.jpg\" border=\"0\" width=\"400\" height=\"238\" srcset=\"https:\/\/amagep.co.za\/fr\/wp-content\/uploads\/2010\/06\/world-cup-concert.jpg 400w, https:\/\/amagep.co.za\/fr\/wp-content\/uploads\/2010\/06\/world-cup-concert-300x179.jpg 300w\" sizes=\"(max-width: 400px) 100vw, 400px\" \/><\/p>\n<p style=\"line-height: normal\" class=\"MsoNormal\"><span style=\"font-size: 12pt; font-family: 'Times New Roman','serif'\">Alors que la c\u00e9r\u00e9monie d&rsquo;ouverture et les premiers matchs auront lieu aujourd&rsquo;hui avec notamment un Afrique du Sud-Mexico tr\u00e8s attendu,<\/span><\/p>\n<p> <!--more--> <\/p>\n<p style=\"line-height: normal\" class=\"MsoNormal\"><span style=\"font-size: 12pt; font-family: 'Times New Roman','serif'\">c&rsquo;est hier soir que la f\u00eate battait son plein dans les rues de Soweto avec un concert g\u00e9ant dont les vedettes \u00e9taient la chanteuse Shakira et le groupe des Black Eyed Peas. La star colombienne Shakira qui chante \u00e9galement l&rsquo;hymne&#8230;<\/span><\/p>\n<!-- AddThis Advanced Settings generic via filter on the_content --><!-- AddThis Share Buttons generic via filter on the_content -->","protected":false},"excerpt":{"rendered":"<p>Alors que la c\u00e9r\u00e9monie d&rsquo;ouverture et les premiers matchs auront lieu aujourd&rsquo;hui avec notamment un&#8230;<!-- AddThis Advanced Settings generic via filter on get_the_excerpt --><!-- AddThis Share Buttons generic via filter on get_the_excerpt --><\/p>\n","protected":false},"author":1,"featured_media":389,"comment_status":"open","ping_status":"open","sticky":false,"template":"","format":"standard","meta":[],"categories":[8],"tags":[],"_links":{"self":[{"href":"https:\/\/amagep.co.za\/fr\/wp-json\/wp\/v2\/posts\/390"}],"collection":[{"href":"https:\/\/amagep.co.za\/fr\/wp-json\/wp\/v2\/posts"}],"about":[{"href":"https:\/\/amagep.co.za\/fr\/wp-json\/wp\/v2\/types\/post"}],"author":[{"embeddable":true,"href":"https:\/\/amagep.co.za\/fr\/wp-json\/wp\/v2\/users\/1"}],"replies":[{"embeddable":true,"href":"https:\/\/amagep.co.za\/fr\/wp-json\/wp\/v2\/comments?post=390"}],"version-history":[{"count":0,"href":"https:\/\/amagep.co.za\/fr\/wp-json\/wp\/v2\/posts\/390\/revisions"}],"wp:featuredmedia":[{"embeddable":true,"href":"https:\/\/amagep.co.za\/fr\/wp-json\/wp\/v2\/media\/389"}],"wp:attachment":[{"href":"https:\/\/amagep.co.za\/fr\/wp-json\/wp\/v2\/media?parent=390"}],"wp:term":[{"taxonomy":"category","embeddable":true,"href":"https:\/\/amagep.co.za\/fr\/wp-json\/wp\/v2\/categories?post=390"},{"taxonomy":"post_tag","embeddable":true,"href":"https:\/\/amagep.co.za\/fr\/wp-json\/wp\/v2\/tags?post=390"}],"curies":[{"name":"wp","href":"https:\/\/api.w.org\/{rel}","templated":true}]}}