{"id":384,"date":"2010-05-06T16:35:28","date_gmt":"2010-05-06T16:35:28","guid":{"rendered":"https:\/\/amagep.co.za\/fr\/2010\/05\/06\/un-eveque-cite-dans-des-affaires-de-pedophilie-demissionne-pour-raison-dage\/"},"modified":"2010-05-06T16:35:28","modified_gmt":"2010-05-06T16:35:28","slug":"un-eveque-cite-dans-des-affaires-de-pedophilie-demissionne-pour-raison-dage","status":"publish","type":"post","link":"https:\/\/amagep.co.za\/fr\/un-eveque-cite-dans-des-affaires-de-pedophilie-demissionne-pour-raison-dage\/","title":{"rendered":"Un \u00e9v\u00eaque cit\u00e9 dans des affaires de p\u00e9dophilie d\u00e9missionne&#8230; pour raison d&rsquo;\u00e2ge"},"content":{"rendered":"<p><img loading=\"lazy\" class=\" size-full wp-image-383\" src=\"https:\/\/amagep.co.za\/fr\/wp-content\/uploads\/2010\/05\/pope_m_0.jpg\" border=\"0\" width=\"345\" height=\"261\" srcset=\"https:\/\/amagep.co.za\/fr\/wp-content\/uploads\/2010\/05\/pope_m_0.jpg 345w, https:\/\/amagep.co.za\/fr\/wp-content\/uploads\/2010\/05\/pope_m_0-300x227.jpg 300w\" sizes=\"(max-width: 345px) 100vw, 345px\" \/> <\/p>\n<p>Le pape Beno\u00eet XVI a accept\u00e9 jeudi la d\u00e9mission d&rsquo;un \u00e9v\u00eaque irlandais, Mgr  Joseph Duffy, qui quitte ses fonctions pour avoir atteint la limite d&rsquo;\u00e2ge des 75  ans, mais dont le nom avait \u00e9t\u00e9 cit\u00e9 dans les scandales de p\u00e9dophilie qui ont  touch\u00e9 l&rsquo;Eglise irlandaise.<\/p>\n<p> <!--more-->  <\/p>\n<p>Le pape a nomm\u00e9 \u00e0 sa place \u00e0 la t\u00eate du dioc\u00e8se de Clogher, Mgr Liam McDaid,  jusqu&rsquo;\u00e0 pr\u00e9sent \u00ab\u00a0chancelier\u00a0\u00bb du m\u00eame dioc\u00e8se, a annonc\u00e9 le Vatican dans un  communiqu\u00e9.<\/p>\n<p>Le nom de Mgr Duffy, 76 ans, avait d\u00e9fray\u00e9 la chronique quand en mars il  avait reconnu n&rsquo;avoir pas d\u00e9nonc\u00e9 \u00e0 la police un pr\u00eatre p\u00e9dophile. Il faisait  partie des \u00e9v\u00eaques irlandais re\u00e7us par le pape \u00e0 la mi-f\u00e9vrier au Vatican, apr\u00e8s  la publication de rapports officiels qui avaient r\u00e9v\u00e9l\u00e9 l&rsquo;existence de centaines  de cas de p\u00e9dophilie couverts par l&rsquo;\u00e9piscopat irlandais.<\/p>\n<p>Par ailleurs, le pape a aussi accept\u00e9 jeudi la d\u00e9mission de l&rsquo;\u00e9v\u00eaque  auxiliaire du dioc\u00e8se de Derry, Mgr Francis Lagan, \u00e9galement pour d\u00e9passement de  la limite d&rsquo;\u00e2ge des 75 ans.<\/p>\n<p>Selon des m\u00e9dias nord-irlandais et la BBC, Mgr Duffy avait admis en mars  avoir \u00e9t\u00e9 au courant d&rsquo;accusations de p\u00e9dophilie \u00e0 l&rsquo;encontre d&rsquo;un pr\u00eatre de son  dioc\u00e8se de Clogher, remontant \u00e0 1989, six ans avant que le cur\u00e9 John McCabe soit  finalement jug\u00e9. L&rsquo;\u00e9v\u00eaque avait expliqu\u00e9 avoir omis de le d\u00e9noncer \u00e0 la police  ou aux services sociaux \u00ab\u00a0\u00e0 la demande expresse des parents de la victime\u00a0\u00bb, un  jeune gar\u00e7on dont le pr\u00eatre avait abus\u00e9 dans sa voiture.<\/p>\n<p>A ce jour, six \u00e9v\u00eaques ou \u00e9v\u00eaques auxiliaires irlandais impliqu\u00e9s dans des  enqu\u00eates, ont pr\u00e9sent\u00e9 leur d\u00e9mission. Le pape en a accept\u00e9 quatre, celles de  Brendan Comiskey, Donal Murray, John Magee le mois dernier, et James Moriarty,  le 22 avril.<\/p>\n<p>Publi\u00e9 en novembre apr\u00e8s trois ans d&rsquo;enqu\u00eate, le rapport Murphy a r\u00e9v\u00e9l\u00e9  comment les responsables du dioc\u00e8se de Dublin ont couvert les abus sexuels  commis par des pr\u00eatres sur des centaines d&rsquo;enfants pendant des d\u00e9cennies.<\/p>\n<p>Depuis, les r\u00e9v\u00e9lations de cas de p\u00e9dophilie commis par des membres du  clerg\u00e9, souvent \u00e9touff\u00e9s par la hi\u00e9rarchie, se sont multipli\u00e9es en Europe et  dans le monde. Le pape lui-m\u00eame a \u00e9t\u00e9 accus\u00e9 d&rsquo;avoir couvert des pr\u00eatres  coupables en Allemagne et aux Etats-Unis.<\/p>\n<p>Source<\/p>\n<p><a href=\"http:\/\/www.france24.com\/fr\/20100506-pedophilie-demission-irlande-eglise-catholique-eveque-pape-benoit-xvi-duffy\" title=\"www.france24.com\">France24.com <\/a><\/p>\n<!-- AddThis Advanced Settings generic via filter on the_content --><!-- AddThis Share Buttons generic via filter on the_content -->","protected":false},"excerpt":{"rendered":"<p>Le pape Beno\u00eet XVI a accept\u00e9 jeudi la d\u00e9mission d&rsquo;un \u00e9v\u00eaque irlandais, Mgr Joseph Duffy,&#8230;<!-- AddThis Advanced Settings generic via filter on get_the_excerpt --><!-- AddThis Share Buttons generic via filter on get_the_excerpt --><\/p>\n","protected":false},"author":1,"featured_media":383,"comment_status":"open","ping_status":"open","sticky":false,"template":"","format":"standard","meta":[],"categories":[9],"tags":[],"_links":{"self":[{"href":"https:\/\/amagep.co.za\/fr\/wp-json\/wp\/v2\/posts\/384"}],"collection":[{"href":"https:\/\/amagep.co.za\/fr\/wp-json\/wp\/v2\/posts"}],"about":[{"href":"https:\/\/amagep.co.za\/fr\/wp-json\/wp\/v2\/types\/post"}],"author":[{"embeddable":true,"href":"https:\/\/amagep.co.za\/fr\/wp-json\/wp\/v2\/users\/1"}],"replies":[{"embeddable":true,"href":"https:\/\/amagep.co.za\/fr\/wp-json\/wp\/v2\/comments?post=384"}],"version-history":[{"count":0,"href":"https:\/\/amagep.co.za\/fr\/wp-json\/wp\/v2\/posts\/384\/revisions"}],"wp:featuredmedia":[{"embeddable":true,"href":"https:\/\/amagep.co.za\/fr\/wp-json\/wp\/v2\/media\/383"}],"wp:attachment":[{"href":"https:\/\/amagep.co.za\/fr\/wp-json\/wp\/v2\/media?parent=384"}],"wp:term":[{"taxonomy":"category","embeddable":true,"href":"https:\/\/amagep.co.za\/fr\/wp-json\/wp\/v2\/categories?post=384"},{"taxonomy":"post_tag","embeddable":true,"href":"https:\/\/amagep.co.za\/fr\/wp-json\/wp\/v2\/tags?post=384"}],"curies":[{"name":"wp","href":"https:\/\/api.w.org\/{rel}","templated":true}]}}