{"id":38,"date":"2009-01-03T15:14:45","date_gmt":"2009-01-03T15:14:45","guid":{"rendered":"https:\/\/amagep.co.za\/fr\/2009\/01\/03\/paulin-mukendi-en-suisse-pour-tourner-une-emission-speciale-sur-le-groupe-jolino\/"},"modified":"2009-01-03T15:14:45","modified_gmt":"2009-01-03T15:14:45","slug":"paulin-mukendi-en-suisse-pour-tourner-une-emission-speciale-sur-le-groupe-jolino","status":"publish","type":"post","link":"https:\/\/amagep.co.za\/fr\/paulin-mukendi-en-suisse-pour-tourner-une-emission-speciale-sur-le-groupe-jolino\/","title":{"rendered":"Paulin Mukendi en Suisse pour tourner une \u00e9mission sp\u00e9ciale sur le Groupe Jolino"},"content":{"rendered":"<p class=\"spip\">\u00a0<img src=\"images\/stories\/paulin%20mukendi.jpg\" border=\"0\" \/><\/p>\n<p class=\"spip\">Les talents congolais s\u2019exportent bien en musique mais aussi en affaires, c\u2019est du moins ce que va ressortir de l\u2019\u00e9dition sp\u00e9ciale de \u00ab\u00a0<em class=\"spip\">Face B<\/em>\u00a0\u00bb diffus\u00e9e sur plusieurs cha\u00eenes de t\u00e9l\u00e9vision congolaises et qui sera tourn\u00e9e \u00e0 Fribourg, en Suisse, le dimanche 11 janvier prochain. Au c\u0153ur de cette \u00e9mission pour laquelle Paulin Mukendi est venu sp\u00e9cialement de Kinshasa\u00a0: la relance de la carri\u00e8re du chanteur Jolino et la bonne<\/p>\n<p> <!--more--> <\/p>\n<p class=\"spip\"> sant\u00e9 de l\u2019entreprise GSA S\u00e9curit\u00e9 de Franck Mulumba.<\/p>\n<p>                                                                                                          <\/p>\n<p class=\"spip\">S\u2019il a renou\u00e9 avec la sc\u00e8ne avec succ\u00e8s, le chanteur Jolino Ya Mud\u00e9fend d\u00e9fend s\u2019att\u00e8le \u00e0 exprimer son talent \u00e9galement sur disque et pr\u00e9pare, \u00e0 cet effet, un opus de quatre titres baptis\u00e9 \u00ab\u00a0<em class=\"spip\">Formule<\/em>\u00a0\u00bb. Apr\u00e8s cinq ans d\u2019absence de sc\u00e8ne et du march\u00e9 du disque, le Vieux Mouk\u00e9 a la chance de pouvoir compter sur Franck Mulumba qui va s\u2019\u00e9chapper un peu de son cr\u00e9neau traditionnel de la s\u00e9curit\u00e9 pour offrir les moyens de s\u2019exprimer \u00e0 cet artiste en qui il a l\u2019air de croire \u00e9norm\u00e9ment. Cette alliance se verra offrir, en effet, un plateau de t\u00e9l\u00e9 par Paulin Mukendi venu sp\u00e9cialement de Kinshasa pour rapporter cette vitalit\u00e9 de la diaspora congolaise en Suisse. L\u2019enregistrement de cette \u00e9mission de t\u00e9l\u00e9 aura lieu au NH H\u00f4tel de Fribourg.<\/p>\n<p>  On se rappelera que le Groupe musical Jolino, qui a repris ses productions en mars 2008, s\u2019occupe aussi de la jeunesse en se voulant \u00ab\u00a0un tremplin et un espace d\u2019encadrement\u00a0\u00bb qui offrirait aux jeunes immigr\u00e9s la possibilit\u00e9 de participer \u00e0 des activit\u00e9s de d\u00e9veloppement qui les am\u00e8neraient \u00e0 assumer des responsabilit\u00e9s dans leur pays d\u2019accueil.<\/p>\n<p>Source<\/p>\n<p><a href=\"http:\/\/www.afriquechos.ch\/spip.php?article3793\" title=\"www.afriquechos.ch\">www.afriquecho.ch<\/a><\/p>\n<!-- AddThis Advanced Settings generic via filter on the_content --><!-- AddThis Share Buttons generic via filter on the_content -->","protected":false},"excerpt":{"rendered":"<p>\u00a0 Les talents congolais s\u2019exportent bien en musique mais aussi en affaires, c\u2019est du moins&#8230;<!-- AddThis Advanced Settings generic via filter on get_the_excerpt --><!-- AddThis Share Buttons generic via filter on get_the_excerpt --><\/p>\n","protected":false},"author":1,"featured_media":0,"comment_status":"open","ping_status":"open","sticky":false,"template":"","format":"standard","meta":[],"categories":[8],"tags":[],"_links":{"self":[{"href":"https:\/\/amagep.co.za\/fr\/wp-json\/wp\/v2\/posts\/38"}],"collection":[{"href":"https:\/\/amagep.co.za\/fr\/wp-json\/wp\/v2\/posts"}],"about":[{"href":"https:\/\/amagep.co.za\/fr\/wp-json\/wp\/v2\/types\/post"}],"author":[{"embeddable":true,"href":"https:\/\/amagep.co.za\/fr\/wp-json\/wp\/v2\/users\/1"}],"replies":[{"embeddable":true,"href":"https:\/\/amagep.co.za\/fr\/wp-json\/wp\/v2\/comments?post=38"}],"version-history":[{"count":0,"href":"https:\/\/amagep.co.za\/fr\/wp-json\/wp\/v2\/posts\/38\/revisions"}],"wp:attachment":[{"href":"https:\/\/amagep.co.za\/fr\/wp-json\/wp\/v2\/media?parent=38"}],"wp:term":[{"taxonomy":"category","embeddable":true,"href":"https:\/\/amagep.co.za\/fr\/wp-json\/wp\/v2\/categories?post=38"},{"taxonomy":"post_tag","embeddable":true,"href":"https:\/\/amagep.co.za\/fr\/wp-json\/wp\/v2\/tags?post=38"}],"curies":[{"name":"wp","href":"https:\/\/api.w.org\/{rel}","templated":true}]}}