{"id":379,"date":"2010-05-05T08:40:03","date_gmt":"2010-05-05T08:40:03","guid":{"rendered":"https:\/\/amagep.co.za\/fr\/2010\/05\/05\/la-france-va-restituer-a-la-nouvelle-zelande-des-tetes-de-guerriers-maoris\/"},"modified":"2010-05-05T08:40:03","modified_gmt":"2010-05-05T08:40:03","slug":"la-france-va-restituer-a-la-nouvelle-zelande-des-tetes-de-guerriers-maoris","status":"publish","type":"post","link":"https:\/\/amagep.co.za\/fr\/la-france-va-restituer-a-la-nouvelle-zelande-des-tetes-de-guerriers-maoris\/","title":{"rendered":"La France va restituer \u00e0 la Nouvelle-Z\u00e9lande des t\u00eates de guerriers maoris"},"content":{"rendered":"<p><img loading=\"lazy\" class=\" size-full wp-image-378\" src=\"https:\/\/amagep.co.za\/fr\/wp-content\/uploads\/2010\/05\/maori-head-cc-m.jpg\" border=\"0\" width=\"345\" height=\"261\" srcset=\"https:\/\/amagep.co.za\/fr\/wp-content\/uploads\/2010\/05\/maori-head-cc-m.jpg 345w, https:\/\/amagep.co.za\/fr\/wp-content\/uploads\/2010\/05\/maori-head-cc-m-300x227.jpg 300w\" sizes=\"(max-width: 345px) 100vw, 345px\" \/> <\/p>\n<p>Les t\u00eates maories momifi\u00e9es et tatou\u00e9es d\u00e9tenues par des mus\u00e9es de France depuis  des si\u00e8cles seront restitu\u00e9es \u00e0 la Nouvelle-Z\u00e9lande en signe de respect pour la  culture de cette population polyn\u00e9sienne de l&rsquo;\u00eele.<\/p>\n<p> <!--more-->  <\/p>\n<p>Apr\u00e8s le S\u00e9nat en juin dernier, l&rsquo;Assembl\u00e9e nationale a adopt\u00e9 mardi \u00e0 la  quasi unanimit\u00e9 la proposition de loi pr\u00e9sent\u00e9e par la s\u00e9natrice centriste  Catherine Morin-Dessailly.<\/p>\n<p>Le texte, qui est donc d\u00e9finitivement adopt\u00e9 par le Parlement fran\u00e7ais,  dispose notamment qu&rsquo;\u00e0 compter de la date d&rsquo;entr\u00e9e en vigueur de la loi \u00ab\u00a0les  t\u00eates maories conserv\u00e9es par des mus\u00e9es de France cessent de faire partie de  leurs collections pour \u00eatre remises \u00e0 la Nouvelle-Z\u00e9lande\u00a0\u00bb.<\/p>\n<p>\u00ab\u00a0On ne construit pas une culture sur le trafic. On construit une culture sur  le respect et sur l&rsquo;\u00e9change\u00a0\u00bb, a d\u00e9clar\u00e9 le ministre de la Culture, Fr\u00e9d\u00e9ric  Mitterrand.<\/p>\n<p>Les Maori, population polyn\u00e9sienne habitant la Nouvelle-Z\u00e9lande depuis le  VIIIe si\u00e8cle, seraient aujourd&rsquo;hui environ 600.000 sur une population de plus de  quatre millions.<\/p>\n<p>L&rsquo;\u00e9quipe de rugby de Nouvelle-Z\u00e9lande a popularis\u00e9 leur danse rituelle, le  Haka, interpr\u00e9t\u00e9e avant chaque match des All Blacks et d\u00e9sormais connue dans le  monde entier.<\/p>\n<p>Les t\u00eates maories momifi\u00e9es avaient \u00e9t\u00e9 ramen\u00e9es au XVII et XVIII\u00e8 si\u00e8cles.  Selon la commission des Affaires sociales de l&rsquo;Assembl\u00e9e, plus de 320 restes  humains maoris ont \u00e9t\u00e9 restitu\u00e9s sur les quelque 500 dispers\u00e9s dans le  monde.<\/p>\n<p><strong>Les t\u00eates rendues aux tribus<\/strong><\/p>\n<p>Il y en aurait une vingtaine dispers\u00e9es dans plusieurs mus\u00e9es fran\u00e7ais, \u00e0  Rouen, Paris, Marseille, Nantes, La Rochelle et Lyon. De nombreux pays ont d\u00e9j\u00e0  r\u00e9pondu favorablement \u00e0 l&rsquo;appel de la Nouvelle-Z\u00e9lande en restituant les t\u00eates  en leur possession, comme la Suisse, la Grande-Bretagne, le Danemark, les  Pays-Bas, l&rsquo;Allemagne, l&rsquo;Argentine ou l&rsquo;Australie.<\/p>\n<p>Le texte va notamment permettre au museum d&rsquo;histoire naturelle de Rouen, en  Seine-Maritime, de remettre aux autorit\u00e9s de Nouvelle-Z\u00e9lande une t\u00eate qu&rsquo;il  conserve depuis 1875.<\/p>\n<p>Sa restitution avait \u00e9t\u00e9 vot\u00e9e \u00e0 l&rsquo;unanimit\u00e9 en octobre 2007 par le conseil  municipal de Rouen. Mais cette d\u00e9lib\u00e9ration municipale avait \u00e9t\u00e9 ensuite  invalid\u00e9e par le tribunal administratif de Rouen.<\/p>\n<p>Les t\u00eates seront dans un premier temps d\u00e9pos\u00e9es au Mus\u00e9e national Te Papa \u00e0  Wellington, la capitale de la Nouvelle-Z\u00e9lande, avant d&rsquo;\u00eatre ensuite rendues aux  tribus concern\u00e9es pour \u00eatre enterr\u00e9es selon les coutumes maories.<\/p>\n<p><a href=\"http:\/\/www.france24.com\/fr\/20100504-nouvelle-zelande-tetes-guerriers-maoris-momifiees-exposees-france-vont-etre-rendues\" title=\"www.france24.com\">Freance24.com <\/a><\/p>\n<!-- AddThis Advanced Settings generic via filter on the_content --><!-- AddThis Share Buttons generic via filter on the_content -->","protected":false},"excerpt":{"rendered":"<p>Les t\u00eates maories momifi\u00e9es et tatou\u00e9es d\u00e9tenues par des mus\u00e9es de France depuis des si\u00e8cles&#8230;<!-- AddThis Advanced Settings generic via filter on get_the_excerpt --><!-- AddThis Share Buttons generic via filter on get_the_excerpt --><\/p>\n","protected":false},"author":1,"featured_media":378,"comment_status":"open","ping_status":"open","sticky":false,"template":"","format":"standard","meta":[],"categories":[5],"tags":[],"_links":{"self":[{"href":"https:\/\/amagep.co.za\/fr\/wp-json\/wp\/v2\/posts\/379"}],"collection":[{"href":"https:\/\/amagep.co.za\/fr\/wp-json\/wp\/v2\/posts"}],"about":[{"href":"https:\/\/amagep.co.za\/fr\/wp-json\/wp\/v2\/types\/post"}],"author":[{"embeddable":true,"href":"https:\/\/amagep.co.za\/fr\/wp-json\/wp\/v2\/users\/1"}],"replies":[{"embeddable":true,"href":"https:\/\/amagep.co.za\/fr\/wp-json\/wp\/v2\/comments?post=379"}],"version-history":[{"count":0,"href":"https:\/\/amagep.co.za\/fr\/wp-json\/wp\/v2\/posts\/379\/revisions"}],"wp:featuredmedia":[{"embeddable":true,"href":"https:\/\/amagep.co.za\/fr\/wp-json\/wp\/v2\/media\/378"}],"wp:attachment":[{"href":"https:\/\/amagep.co.za\/fr\/wp-json\/wp\/v2\/media?parent=379"}],"wp:term":[{"taxonomy":"category","embeddable":true,"href":"https:\/\/amagep.co.za\/fr\/wp-json\/wp\/v2\/categories?post=379"},{"taxonomy":"post_tag","embeddable":true,"href":"https:\/\/amagep.co.za\/fr\/wp-json\/wp\/v2\/tags?post=379"}],"curies":[{"name":"wp","href":"https:\/\/api.w.org\/{rel}","templated":true}]}}