{"id":375,"date":"2010-04-19T08:20:57","date_gmt":"2010-04-19T08:20:57","guid":{"rendered":"https:\/\/amagep.co.za\/fr\/2010\/04\/19\/leurope-espere-assurer-la-moitie-de-ses-vols-malgre-le-nuage-de-cendres\/"},"modified":"2010-04-19T08:20:57","modified_gmt":"2010-04-19T08:20:57","slug":"leurope-espere-assurer-la-moitie-de-ses-vols-malgre-le-nuage-de-cendres","status":"publish","type":"post","link":"https:\/\/amagep.co.za\/fr\/leurope-espere-assurer-la-moitie-de-ses-vols-malgre-le-nuage-de-cendres\/","title":{"rendered":"L&rsquo;Europe esp\u00e8re assurer la moiti\u00e9 de ses vols malgr\u00e9 le nuage de cendres"},"content":{"rendered":"<p><img loading=\"lazy\" class=\" size-full wp-image-374\" src=\"https:\/\/amagep.co.za\/fr\/wp-content\/uploads\/2010\/04\/image-page-m.jpg\" border=\"0\" width=\"200\" height=\"122\" \/> <\/p>\n<p>\u00c9claircie en vue dans le ciel europ\u00e9en\u00a0: la moiti\u00e9 des vols en Europe pourraient \u00eatre assur\u00e9s d\u00e8s lundi, selon le secr\u00e9taire d\u2019\u00c9tat espagnol aux Affaires \u00e9trang\u00e8res &#8211; dont le pays assure la pr\u00e9sidence tournante de l\u2019Union europ\u00e9enne.<\/p>\n<p> <!--more--> <\/p>\n<p> Pour l\u2019heure, le nuage de cendres crach\u00e9 par le volcan en \u00e9ruption au sommet du glacier Eyjafjallajok\u00fcll (sud de l&rsquo;Islande) continue de perturber s\u00e9rieusement le trafic a\u00e9rien en Europe. Des millions de voyageurs sont ainsi clou\u00e9s au sol \u00e0 travers le monde. <\/p>\n<p>En France, les a\u00e9roports parisiens et ceux de la moiti\u00e9 nord du pays resteront ferm\u00e9s jusqu&rsquo;\u00e0 mardi 08 heures (heure locale). Plusieurs a\u00e9roports du sud de la France \u2013 notamment Nice, Marseille, Bordeaux et Toulouse \u2013 ont rouvert dimanche apr\u00e8s-midi pour permettre le rapatriement des voyageurs bloqu\u00e9s partout dans le monde. Air France envisage d&rsquo;assurer lundi sept vols long-courrier au d\u00e9part de Toulouse et de Pau vers Fort-de-France, New-York, Hong-Kong et Duba\u00ef \u00ab\u00a0si les conditions m\u00e9t\u00e9orologiques le permettent\u00a0\u00bb.<\/p>\n<p>Le Royaume-Uni, un des premiers pays \u00e0 avoir \u00e9t\u00e9 touch\u00e9s jeudi par le nuage de cendres, a d\u00fb prolonger dimanche la fermeture de son espace a\u00e9rien jusqu&rsquo;\u00e0 18 heures GMT lundi. La compagnie britannique British Airways a annul\u00e9 tous ses vols lundi au d\u00e9part et \u00e0 destination de Londres. La compagnie low cost Ryanair a, elle, d\u00e9cid\u00e9 de suspendre toutes ses liaisons dans le nord de l\u2019Europe jusqu\u2019\u00e0 mercredi 21 avril, 12 heures (GMT). Les Pays-Bas ont \u00e9galement annonc\u00e9 que leur espace a\u00e9rien restera ferm\u00e9 jusqu&rsquo;\u00e0 au moins 12 heures GMT lundi. La Belgique, la Croatie, la R\u00e9publique Tch\u00e8que, le Danemark, la Finlande, la Hongrie, l&rsquo;Irlande, l&rsquo;Italie, le sud de la Norv\u00e8ge, la Pologne, la Su\u00e8de et la Suisse ont \u00e9galement prolong\u00e9 la dur\u00e9e de la fermeture de leur espace a\u00e9rien. <\/p>\n<p>L&rsquo;Espagne, apr\u00e8s avoir ferm\u00e9 sept a\u00e9roports du nord du pays pendant quelques heures, a rouvert totalement son espace a\u00e9rien dimanche. Les autorit\u00e9s allemandes ont \u00e9galement autoris\u00e9 dimanche, pour quelques heures, la reprise de l&rsquo;activit\u00e9 de six a\u00e9roports, notamment celui de Francfort. Son espace a\u00e9rien devrait cependant rester ferm\u00e9 jusqu\u2019\u00e0 lundi 12 heures GMT. L&rsquo;Autriche et l\u2019Italie ont annonc\u00e9 la lev\u00e9e des interdictions de vols \u00e0 partir de lundi matin.<\/p>\n<p>La SNCF a d\u00e9bloqu\u00e9 25 000 places suppl\u00e9mentaires sur ses lignes internationales vers le Royaume-Uni, la Belgique, le Luxembourg, la Suisse et l\u2019Allemagne.<\/p>\n<p><strong>La solution des vols \u00e0 basse altitude ?<\/strong><\/p>\n<p>Une lueur d\u2019espoir, la premi\u00e8re depuis quatre jours, est apparue par le biais des compagnies a\u00e9riennes europ\u00e9ennes KLM, Lufthansa et Air France. Ces derni\u00e8res ont proc\u00e9d\u00e9 ce week-end \u00e0 plusieurs vols d&rsquo;essais, sans passagers et \u00e0 basse altitude. Elles ont fait savoir que leurs appareils ne semblaient pas avoir \u00e9t\u00e9 endommag\u00e9s par le nuage de cendres volcaniques. \u00ab\u00a0Le vol s&rsquo;est d\u00e9roul\u00e9 dans des conditions normales. Aucune anomalie n&rsquo;a \u00e9t\u00e9 rapport\u00e9e\u00a0\u00bb, a annonc\u00e9 Air France dimanche. <\/p>\n<p>\u00ab\u00a0Je ne comprends pas que l&rsquo;on n&rsquo;ait pas fait des vols tests avant samedi soir, ni envoy\u00e9 des avions-renifleurs ou des ballons, estime G\u00e9rard Feldzer, directeur du Mus\u00e9e de l&rsquo;air et de l&rsquo;espace du Bourget et ancien pilote d&rsquo;Air France. Les compagnies ont fini par y aller toutes seules, mais il n&rsquo;y a pas eu jusque-l\u00e0 de travail de fond sur le risque des poussi\u00e8res volcaniques.\u00a0\u00bb<\/p>\n<p>Les compagnies europ\u00e9ennes, au bord de l\u2019asphyxie, ont demand\u00e9 une \u00ab\u00a0r\u00e9\u00e9valuation imm\u00e9diate\u00a0\u00bb des restrictions de vol, estimant que les autorit\u00e9s de l\u2019aviation civile avaient peut-\u00eatre surr\u00e9agi.<\/p>\n<p>\u00a0Elles paient en effet un lourd tribut. De l\u2019autre c\u00f4t\u00e9 de l\u2019Atlantique, les compagnies am\u00e9ricaines ne sont pas en reste. Elles ont annul\u00e9 hier la majorit\u00e9 de leurs vols \u00e0 destination ou en partance d&rsquo;Europe, pour la troisi\u00e8me journ\u00e9e cons\u00e9cutive. Sur 337 vols pr\u00e9vus dans les deux sens hier, 282 ont \u00e9t\u00e9 annul\u00e9s. <\/p>\n<p>La compagnie a\u00e9rienne scandinave SAS a m\u00eame averti qu&rsquo;elle pourrait \u00eatre contrainte de mettre \u00e0 pied temporairement jusqu&rsquo;\u00e0 2 500 de ses employ\u00e9s en Norv\u00e8ge, \u00e0 compter de lundi, si ses avions continuaient d&rsquo;\u00eatre clou\u00e9s au sol.<\/p>\n<p>Cette paralysie des plus grands a\u00e9roports europ\u00e9ens a des cons\u00e9quences \u00e9conomiques lourdes. Selon l&rsquo;Association internationale du transport a\u00e9rien (IATA), elle co\u00fbte plus de 200 millions de dollars (147,3 millions d&rsquo;euros) au secteur par jour. Deux r\u00e9unions des ministres europ\u00e9ens des Transports sont pr\u00e9vues lundi pour \u00e9voquer une \u00e9ventuelle reprise des vols.<\/p>\n<p><strong>Des millions de passagers bloqu\u00e9s \u00e0 travers le monde<\/strong><\/p>\n<p>Cette situation affecte des milliers de passagers qui se retrouvent bloqu\u00e9s partout dans le monde en cette p\u00e9riode de cong\u00e9s dans de nombreux pays.<\/p>\n<p>&nbsp;<\/p>\n<p>\u00a0Des retards et des difficult\u00e9s dans le trafic a\u00e9rien persisteront \u00ab\u00a0plusieurs jours apr\u00e8s la r\u00e9ouverture des a\u00e9roports fran\u00e7ais\u00a0\u00bb, a estim\u00e9 samedi le secr\u00e9taire d&rsquo;\u00c9tat aux Transports, Dominique Bussereau. <\/p>\n<p>Trains, agences de location de voitures, bateaux et sites de covoiturage ont \u00e9t\u00e9 pris d&rsquo;assaut. Nombre de voyageurs restent cependant bloqu\u00e9s dans les a\u00e9roports. Plusieurs internautes ont d&rsquo;ailleurs fait part de leurs m\u00e9saventures sur le site de FRANCE 24. C&rsquo;est le cas de Walter, actuellement en voyage \u00e0 Hong Kong avec sa famille. \u00ab\u00a0A l&rsquo;arriv\u00e9e \u00e0 l&rsquo;a\u00e9roport, la compagnie nous informe que, dans le meilleur des cas, notre retour est pr\u00e9vu pour le 28 avril. Si nous voulons partir plus t\u00f4t, nous devons venir chaque jour pour v\u00e9rifier la place disponible sur les vols qui pourraient partir vers l&rsquo;Europe ou pour trouver une compagnie qui puisse nous prendre en charge,\u00a0\u00bb indique t-il.<\/p>\n<p> Bor\u00e9 est, lui, bloqu\u00e9 \u00e0 Singapour depuis jeudi, o\u00f9 il patiente sur \u00ab\u00a0la moquette\u00a0\u00bb de l\u2019a\u00e9roport. \u00ab\u00a0Ici tout est parfaitement organis\u00e9 : on nous a distribu\u00e9 des oreillers et des sacs de couchage, et tout le monde nous apporte des vivres. Nous avons m\u00eame eu droit \u00e0 un tour touristique\u00a0\u00bb. Une organisation qui \u00ab\u00a0rend ces deux jours d&rsquo;attentes moins longs\u00a0\u00bb, t\u00e9moigne t-il.\u00a0<\/p>\n<p>Source<\/p>\n<p><a href=\"http:\/\/www.france24.com\/fr\/20100418-islande-europe-nuage-cendres-volcan-trafic-aerien-reprise-lundi-garrido\" title=\"www.france24.com\">France24.com <\/a><\/p>\n<!-- AddThis Advanced Settings generic via filter on the_content --><!-- AddThis Share Buttons generic via filter on the_content -->","protected":false},"excerpt":{"rendered":"<p>\u00c9claircie en vue dans le ciel europ\u00e9en\u00a0: la moiti\u00e9 des vols en Europe pourraient \u00eatre&#8230;<!-- AddThis Advanced Settings generic via filter on get_the_excerpt --><!-- AddThis Share Buttons generic via filter on get_the_excerpt --><\/p>\n","protected":false},"author":1,"featured_media":374,"comment_status":"open","ping_status":"open","sticky":false,"template":"","format":"standard","meta":[],"categories":[5],"tags":[],"_links":{"self":[{"href":"https:\/\/amagep.co.za\/fr\/wp-json\/wp\/v2\/posts\/375"}],"collection":[{"href":"https:\/\/amagep.co.za\/fr\/wp-json\/wp\/v2\/posts"}],"about":[{"href":"https:\/\/amagep.co.za\/fr\/wp-json\/wp\/v2\/types\/post"}],"author":[{"embeddable":true,"href":"https:\/\/amagep.co.za\/fr\/wp-json\/wp\/v2\/users\/1"}],"replies":[{"embeddable":true,"href":"https:\/\/amagep.co.za\/fr\/wp-json\/wp\/v2\/comments?post=375"}],"version-history":[{"count":0,"href":"https:\/\/amagep.co.za\/fr\/wp-json\/wp\/v2\/posts\/375\/revisions"}],"wp:featuredmedia":[{"embeddable":true,"href":"https:\/\/amagep.co.za\/fr\/wp-json\/wp\/v2\/media\/374"}],"wp:attachment":[{"href":"https:\/\/amagep.co.za\/fr\/wp-json\/wp\/v2\/media?parent=375"}],"wp:term":[{"taxonomy":"category","embeddable":true,"href":"https:\/\/amagep.co.za\/fr\/wp-json\/wp\/v2\/categories?post=375"},{"taxonomy":"post_tag","embeddable":true,"href":"https:\/\/amagep.co.za\/fr\/wp-json\/wp\/v2\/tags?post=375"}],"curies":[{"name":"wp","href":"https:\/\/api.w.org\/{rel}","templated":true}]}}