{"id":364,"date":"2010-03-12T14:17:41","date_gmt":"2010-03-12T14:17:41","guid":{"rendered":"https:\/\/amagep.co.za\/fr\/2010\/03\/12\/embrasser-differentes-cultures-est-du-chemin-a-faire-dapres-jean-marie\/"},"modified":"2010-03-12T14:17:41","modified_gmt":"2010-03-12T14:17:41","slug":"embrasser-differentes-cultures-est-du-chemin-a-faire-dapres-jean-marie","status":"publish","type":"post","link":"https:\/\/amagep.co.za\/fr\/embrasser-differentes-cultures-est-du-chemin-a-faire-dapres-jean-marie\/","title":{"rendered":"Embrasser diff\u00e9rentes Cultures est du chemin \u00e0 faire d&rsquo;apr\u00e8s Jean-Marie"},"content":{"rendered":"<p><!--[if gte mso 9]><xml>  <w:WordDocument>   <w:View>Normal<\/w:View>   <w:Zoom>0<\/w:Zoom>   <w:PunctuationKerning\/>   <w:ValidateAgainstSchemas\/>   <w:SaveIfXMLInvalid>false<\/w:SaveIfXMLInvalid>   <w:IgnoreMixedContent>false<\/w:IgnoreMixedContent>   <w:AlwaysShowPlaceholderText>false<\/w:AlwaysShowPlaceholderText>   <w:Compatibility>    <w:BreakWrappedTables\/>    <w:SnapToGridInCell\/>    <w:WrapTextWithPunct\/>    <w:UseAsianBreakRules\/>    <w:DontGrowAutofit\/>   <\/w:Compatibility>   <w:BrowserLevel>MicrosoftInternetExplorer4<\/w:BrowserLevel>  <\/w:WordDocument> <\/xml><![endif]--><!--[if gte mso 9]><xml>  <w:LatentStyles DefLockedState=\"false\" LatentStyleCount=\"156\">  <\/w:LatentStyles> <\/xml><![endif]--> <!--  \/* Style Definitions *\/  p.MsoNormal, li.MsoNormal, div.MsoNormal \t{mso-style-parent:\"\"; \tmargin:0in; \tmargin-bottom:.0001pt; \tmso-pagination:widow-orphan; \tfont-size:12.0pt; \tfont-family:\"Times New Roman\"; \tmso-fareast-font-family:\"Times New Roman\";} @page Section1 \t{size:8.5in 11.0in; \tmargin:1.0in 1.25in 1.0in 1.25in; \tmso-header-margin:.5in; \tmso-footer-margin:.5in; \tmso-paper-source:0;} div.Section1 \t{page:Section1;} --> <!--[if gte mso 10]> \n\n<style>  \/* Style Definitions *\/  table.MsoNormalTable \t{mso-style-name:\"Table Normal\"; \tmso-tstyle-rowband-size:0; \tmso-tstyle-colband-size:0; \tmso-style-noshow:yes; \tmso-style-parent:\"\"; \tmso-padding-alt:0in 5.4pt 0in 5.4pt; \tmso-para-margin:0in; \tmso-para-margin-bottom:.0001pt; \tmso-pagination:widow-orphan; \tfont-size:10.0pt; \tfont-family:\"Times New Roman\"; \tmso-ansi-language:#0400; \tmso-fareast-language:#0400; \tmso-bidi-language:#0400;} <\/style>\n\n <![endif]-->  <\/p>\n<p class=\"MsoNormal\"><img loading=\"lazy\" class=\" size-full wp-image-352\" src=\"https:\/\/amagep.co.za\/fr\/wp-content\/uploads\/2010\/01\/abbe_dido.jpg\" border=\"0\" width=\"370\" height=\"450\" \/><\/p>\n<p class=\"MsoNormal\"><span style=\"font-size: 11pt; font-family: Arial\">Diacre P\u00e8re Jean-Marie Didh&rsquo;o est le premier Pr\u00eatre francophone \u00e0 avoir<\/span><\/p>\n<p class=\"MsoNormal\"><span style=\"font-size: 11pt; font-family: Arial\">\u00e9t\u00e9 ordonn\u00e9 dans l&rsquo;archidioc\u00e8se de Johannesburg. <\/span><\/p>\n<p> <!--more-->   <\/p>\n<p class=\"MsoNormal\">&nbsp;<\/p>\n<p class=\"MsoNormal\"><span style=\"font-size: 11pt; font-family: Arial\">Il est ordonn\u00e9 pr\u00eatre le samedi 23 Janvier 2010 par <\/span><\/p>\n<p class=\"MsoNormal\"><span style=\"font-size: 11pt; font-family: Arial\">son Excellence Archev\u00eaque Buti Joseph<\/span><\/p>\n<p class=\"MsoNormal\"><span style=\"font-size: 11pt; font-family: Arial\">Tlhagale dans la cath\u00e9drale du Christ Roi.<\/span><\/p>\n<p class=\"MsoNormal\">&nbsp;<\/p>\n<p class=\"MsoNormal\"><span style=\"font-size: 11pt; font-family: Arial\">Le P\u00e8re Jean &#8211; Marie Didh&rsquo;o est originaire de la R\u00e9publique <\/span><\/p>\n<p class=\"MsoNormal\"><span style=\"font-size: 11pt; font-family: Arial\">D\u00e9mocratiquedu Congo o\u00f9<\/span><\/p>\n<p class=\"MsoNormal\"><span style=\"font-size: 11pt; font-family: Arial\">il a \u00e9tudi\u00e9 la philosophie avant de venir en Afrique du Sud.<\/span><\/p>\n<p class=\"MsoNormal\"><span style=\"font-size: 11pt; font-family: Arial\">En 2005, il a \u00e9t\u00e9 admis par l&rsquo;archev\u00eaque Buti Thlaga au s\u00e9minaire<\/span><\/p>\n<p class=\"MsoNormal\"><span style=\"font-size: 11pt; font-family: Arial\">Jean-Vianney o\u00f9 il a \u00e9tudi\u00e9 la th\u00e9ologie. <\/span><\/p>\n<p class=\"MsoNormal\">&nbsp;<\/p>\n<p class=\"MsoNormal\"><span style=\"font-size: 11pt; font-family: Arial\">Il a \u00e9galement obtenu une<\/span><\/p>\n<p class=\"MsoNormal\"><span style=\"font-size: 11pt; font-family: Arial\">ma\u00eetrise en Anthropologie \u00e0 l&rsquo;Universit\u00e9 de Witwatersrand (Wits).<\/span><\/p>\n<p class=\"MsoNormal\"><span style=\"font-size: 11pt; font-family: Arial\">Dans son travail minist\u00e9riel .. <\/span><\/p>\n<p class=\"MsoNormal\">&nbsp;<\/p>\n<p class=\"MsoNormal\"><span style=\"font-size: 11pt; font-family: Arial\">P\u00e8re Jean-Marie a rompu dans la paroisse<\/span><\/p>\n<p class=\"MsoNormal\"><span style=\"font-size: 11pt; font-family: Arial\">St Fran\u00e7ois d&rsquo;aider \u00e0 Yeoville o\u00f9 il a enseign\u00e9 le cat\u00e9chisme aux jeunes<\/span><\/p>\n<p class=\"MsoNormal\"><span style=\"font-size: 11pt; font-family: Arial\">gar\u00e7ons et filles se pr\u00e9parant pour les sacrements. <\/span><\/p>\n<p class=\"MsoNormal\">&nbsp;<\/p>\n<p class=\"MsoNormal\"><span style=\"font-size: 11pt; font-family: Arial\">L\u00e0, il pr\u00eache en anglais dans une paroisse cosmopolitaine, <\/span><\/p>\n<p class=\"MsoNormal\"><span style=\"font-size: 11pt; font-family: Arial\">comme la plupart des paroisses centrales a Jobourg.<\/span><\/p>\n<p class=\"MsoNormal\"><span style=\"font-size: 11pt; font-family: Arial\">Il insiste sur le fait que l&rsquo;unit\u00e9 entre les paroissiens est r\u00e9elle et<\/span><\/p>\n<p class=\"MsoNormal\"><span style=\"font-size: 11pt; font-family: Arial\">v\u00e9cue sur la base de tous les jours. <\/span><\/p>\n<p class=\"MsoNormal\">&nbsp;<\/p>\n<p class=\"MsoNormal\"><span style=\"font-size: 11pt; font-family: Arial\">Presque toutes les nationalit\u00e9s<\/span><\/p>\n<p class=\"MsoNormal\"><span style=\"font-size: 11pt; font-family: Arial\">africaines adorent ensemble et font conna\u00eetre J\u00e9sus-Christ comme \u00ab\u00a0mot de<\/span><\/p>\n<p class=\"MsoNormal\"><span style=\"font-size: 11pt; font-family: Arial\">tol\u00e9rance, d&rsquo;unit\u00e9 et d&rsquo;amour, une r\u00e9alit\u00e9 quotidienne.<\/span><\/p>\n<p class=\"MsoNormal\">&nbsp;<\/p>\n<p class=\"MsoNormal\"><span style=\"font-size: 11pt; font-family: Arial\">Il si\u00e8ge actuellement au Mohlakeng, paroisse Notre Dame d&rsquo;Afrique, dans le<\/span><\/p>\n<p class=\"MsoNormal\"><span style=\"font-size: 11pt; font-family: Arial\">Western Rand. Pour que le p\u00e8re Jean-Marie devienne un cur\u00e9 catholique et de<\/span><\/p>\n<p class=\"MsoNormal\"><span style=\"font-size: 11pt; font-family: Arial\">servir le peuple de Dieu; c&rsquo;est une vocation, car il a \u00e9t\u00e9 suivi depuis son<\/span><\/p>\n<p class=\"MsoNormal\"><span style=\"font-size: 11pt; font-family: Arial\">enfance.<\/span><\/p>\n<p class=\"MsoNormal\">&nbsp;<\/p>\n<p class=\"MsoNormal\"><span style=\"font-size: 11pt; font-family: Arial\">P\u00e8re Jean-Marie Didh&rsquo;o considere l&rsquo;Afrique du Sud un peuple tr\u00e8s<\/span><\/p>\n<p class=\"MsoNormal\"><span style=\"font-size: 11pt; font-family: Arial\">accueillant qui se connait et sert Dieu de tout c\u0153ur. Il n&rsquo;a jamais<\/span><\/p>\n<p class=\"MsoNormal\"><span style=\"font-size: 11pt; font-family: Arial\">\u00e9t\u00e9 trait\u00e9 comme un etranger parmi eux; mais vit l&rsquo;amour, les soins et le<\/span><\/p>\n<p class=\"MsoNormal\"><span style=\"font-size: 11pt; font-family: Arial\">soutien des Sud-Africains.<\/span><\/p>\n<p class=\"MsoNormal\">&nbsp;<\/p>\n<p class=\"MsoNormal\"><span style=\"font-size: 11pt; font-family: Arial\">Sa connaissance de la Langue de zoulou et sesotho l&rsquo;a certainement aid\u00e9. Cette<\/span><\/p>\n<p class=\"MsoNormal\"><span style=\"font-size: 11pt; font-family: Arial\">exp\u00e9rience l&rsquo;a convaincu qu&rsquo;il ya un message important \u00e0 apporter aux<\/span><\/p>\n<p class=\"MsoNormal\"><span style=\"font-size: 11pt; font-family: Arial\">Sud-Africains et des immigrants qui se ressemblent: l&rsquo;unit\u00e9 et la solidarit\u00e9,<\/span><\/p>\n<p class=\"MsoNormal\"><span style=\"font-size: 11pt; font-family: Arial\">avec un effort exige des deux c\u00f4t\u00e9s.<\/span><\/p>\n<p class=\"MsoNormal\">&nbsp;<\/p>\n<p class=\"MsoNormal\"><span style=\"font-size: 11pt; font-family: Arial\">Les Immigr\u00e9s sont obliges \u00e0 int\u00e9grer la Communaut\u00e9 d&rsquo;Accueil et d&#8217;embrasser sa<\/span><\/p>\n<p class=\"MsoNormal\"><span style=\"font-size: 11pt; font-family: Arial\">culture et sa coutume. <\/span><\/p>\n<p class=\"MsoNormal\"><span style=\"font-size: 11pt; font-family: Arial\">Les Sud-Africains eux aussi a leurs tours doivent accepter leurs compatriotes<\/span><\/p>\n<p class=\"MsoNormal\"><span style=\"font-size: 11pt; font-family: Arial\">africains et aussi apprendre des choses pr\u00e9cieuses aupr\u00e8s des immigrants.<\/span><\/p>\n<p class=\"MsoNormal\">&nbsp;<\/p>\n<p class=\"MsoNormal\"><span style=\"font-size: 11pt; font-family: Arial\">P\u00e8re Didh&rsquo;o est convaincu qu&rsquo;il n&rsquo;y aura pas<\/span><\/p>\n<p class=\"MsoNormal\"><span style=\"font-size: 11pt; font-family: Arial\">d&rsquo;unit\u00e9 et l&rsquo;int\u00e9gration efficace tant qu&rsquo;il n&rsquo;y a pas de tol\u00e9rance et<\/span><\/p>\n<p class=\"MsoNormal\"><span style=\"font-size: 11pt; font-family: Arial\">d&rsquo;acceptation que les gens sont diff\u00e9rents. <\/span><\/p>\n<p class=\"MsoNormal\"><span style=\"font-size: 11pt; font-family: Arial\">\u00ab\u00a0Nos diff\u00e9rences nous poussent \u00e0 s&rsquo;unir.<\/span><\/p>\n<p class=\"MsoNormal\">&nbsp;<\/p>\n<p class=\"MsoNormal\"><span style=\"font-size: 11pt; font-family: Arial\">Nous ne pouvons pas parler de l&rsquo;unit\u00e9 si nous n&rsquo;avons pas \u00e9t\u00e9 diff\u00e9rents \u00ab\u00a0.<\/span><\/p>\n<p class=\"MsoNormal\"><span style=\"font-size: 11pt; font-family: Arial\">Le P\u00e8re est en train d&rsquo;\u00e9crire un livre sur la fa\u00e7on de surmonter la<\/span><\/p>\n<p class=\"MsoNormal\"><span style=\"font-size: 11pt; font-family: Arial\">x\u00e9nophobie, le racisme, \u00e0 la lumi\u00e8re de la Bible.<\/span><\/p>\n<p class=\"MsoNormal\"><span style=\"font-size: 11pt; font-family: Arial\">\u00a0<\/span><\/p>\n<!-- AddThis Advanced Settings generic via filter on the_content --><!-- AddThis Share Buttons generic via filter on the_content -->","protected":false},"excerpt":{"rendered":"<p>Diacre P\u00e8re Jean-Marie Didh&rsquo;o est le premier Pr\u00eatre francophone \u00e0 avoir \u00e9t\u00e9 ordonn\u00e9 dans l&rsquo;archidioc\u00e8se&#8230;<!-- AddThis Advanced Settings generic via filter on get_the_excerpt --><!-- AddThis Share Buttons generic via filter on get_the_excerpt --><\/p>\n","protected":false},"author":1,"featured_media":352,"comment_status":"open","ping_status":"open","sticky":false,"template":"","format":"standard","meta":[],"categories":[9],"tags":[],"_links":{"self":[{"href":"https:\/\/amagep.co.za\/fr\/wp-json\/wp\/v2\/posts\/364"}],"collection":[{"href":"https:\/\/amagep.co.za\/fr\/wp-json\/wp\/v2\/posts"}],"about":[{"href":"https:\/\/amagep.co.za\/fr\/wp-json\/wp\/v2\/types\/post"}],"author":[{"embeddable":true,"href":"https:\/\/amagep.co.za\/fr\/wp-json\/wp\/v2\/users\/1"}],"replies":[{"embeddable":true,"href":"https:\/\/amagep.co.za\/fr\/wp-json\/wp\/v2\/comments?post=364"}],"version-history":[{"count":0,"href":"https:\/\/amagep.co.za\/fr\/wp-json\/wp\/v2\/posts\/364\/revisions"}],"wp:featuredmedia":[{"embeddable":true,"href":"https:\/\/amagep.co.za\/fr\/wp-json\/wp\/v2\/media\/352"}],"wp:attachment":[{"href":"https:\/\/amagep.co.za\/fr\/wp-json\/wp\/v2\/media?parent=364"}],"wp:term":[{"taxonomy":"category","embeddable":true,"href":"https:\/\/amagep.co.za\/fr\/wp-json\/wp\/v2\/categories?post=364"},{"taxonomy":"post_tag","embeddable":true,"href":"https:\/\/amagep.co.za\/fr\/wp-json\/wp\/v2\/tags?post=364"}],"curies":[{"name":"wp","href":"https:\/\/api.w.org\/{rel}","templated":true}]}}