{"id":363,"date":"2010-03-05T10:05:55","date_gmt":"2010-03-05T10:05:55","guid":{"rendered":"https:\/\/amagep.co.za\/fr\/2010\/03\/05\/deboufon-salem-l-je-dois-mhumilier-afin-decouter-la-volonte-de-dieu-r\/"},"modified":"2010-03-05T10:05:55","modified_gmt":"2010-03-05T10:05:55","slug":"deboufon-salem-l-je-dois-mhumilier-afin-decouter-la-volonte-de-dieu-r","status":"publish","type":"post","link":"https:\/\/amagep.co.za\/fr\/deboufon-salem-l-je-dois-mhumilier-afin-decouter-la-volonte-de-dieu-r\/","title":{"rendered":"Deboufon Salem : \u00ab Je dois m\u2019humilier afin d\u2019\u00e9couter la volont\u00e9 de Dieu \u00bb"},"content":{"rendered":"<table border=\"0\" cellspacing=\"0\" cellpadding=\"0\" width=\"100%\">\n<tbody>\n<tr>\n<td class=\"chapeau\" align=\"left\">\n<p class=\"spip\"><img loading=\"lazy\" class=\" size-full wp-image-362\" src=\"https:\/\/amagep.co.za\/fr\/wp-content\/uploads\/2010\/03\/deboufon_salem_2.jpg\" border=\"0\" width=\"486\" height=\"443\" srcset=\"https:\/\/amagep.co.za\/fr\/wp-content\/uploads\/2010\/03\/deboufon_salem_2.jpg 486w, https:\/\/amagep.co.za\/fr\/wp-content\/uploads\/2010\/03\/deboufon_salem_2-300x273.jpg 300w\" sizes=\"(max-width: 486px) 100vw, 486px\" \/><\/p>\n<p class=\"spip\">Install\u00e9 en Afrique du Sud o\u00f9 sa musique est tr\u00e8s \u00e9cout\u00e9e par la diaspora congolaise, Deboufon Salem est revenu sur ses terres pour relancer son \u0153uvre dont il n\u2019a pas pu assurer la promotion comme il l\u2019aurait souhait\u00e9. Patient, il a r\u00e9pondu aux questions d\u2019AEM sur la gestion de la promotion de son album.<\/p>\n<p> <!--more--> <\/td>\n<\/tr>\n<tr>\n<td class=\"textmilieu1\" align=\"left\">\n<p class=\"spip\"><strong class=\"spip\">AFRIQU\u2019\u00c9CHOS MAGAZINE (AEM)\u00a0: Quelle surprise de vous rencontrer \u00e0 Kinshasa\u00a0!<\/strong><\/p>\n<p class=\"spip\"><strong class=\"spip\">DEBOUFON SALEM (DS)<\/strong>\u00a0: Oui c\u2019est toujours pour l\u2019\u0153uvre de Dieu que je suis de retour dans mon pays, je viens pr\u00e9senter aux enfants de Dieu le message qu\u2019il m\u2019a livr\u00e9 \u00ab\u00a0<a class=\"spip_out\" href=\"http:\/\/www.youtube.com\/watch?v=1DMj3euyvpc\"><u><font color=\"#0000ff\">J\u00e9sus Christ, l\u2019antibiotique<\/font><\/u><\/a>\u00a0\u00bb. Je suis l\u00e0 depuis novembre 2009 et je suis pass\u00e9 par Lubumbashi avant d\u2019atterrir \u00e0 Kinshasa. Cela faisait six ans que j\u2019\u00e9tais en dehors de la RDC, et neuf ans en dehors de Kinshasa, ma ville.<\/p>\n<p class=\"spip\"><strong class=\"spip\">AEM\u00a0: La sortie de cet album a \u00e9t\u00e9 suivie d\u2019un calme plat\u2026<\/strong><\/p>\n<p class=\"spip\"><strong class=\"spip\">DS\u00a0:<\/strong> Effectivement jusque-l\u00e0, je n\u2019ai encore rien programm\u00e9 depuis que je suis revenu de l\u2019Afrique du Sud. Pour l\u2019instant, je dois m\u2019humilier afin d\u2019\u00e9couter ce que Dieu veut que j\u2019offre \u00e0 son peuple \u00e0 travers la chanson, ici en RDC. Au niveau de l\u2019album, nous sommes dans la post production. Maintenant on esp\u00e8re que le message va passer et que le peuple sera touch\u00e9. Dieu a fait que je vous rencontre en cours de route pour que son message passe (rires)\u2026C\u2019est une tr\u00e8s bonne chose, vous serez b\u00e9ni d\u2019avantage. J\u2019ajouterai que Dieu a fait que je rencontre aussi votre consoeur Afrika Mujinga de la cha\u00eene de t\u00e9l\u00e9vision Antenne A et le manager Sisi Itasepa qui acceptent de m\u2019aider pour des contacts avant les prestations dans les \u00e9glises et pourquoi pas sur d\u2019autres sc\u00e8nes.<\/p>\n<p class=\"spip\"><strong class=\"spip\">AEM\u00a0: Un message pour les m\u00e9lomanes qui aiment votre musique en Afrique du Sud\u00a0?<\/strong><\/p>\n<p class=\"spip\"><strong class=\"spip\">DS\u00a0:<\/strong> Tous les enfants de Dieu, \u00e0 travers le monde, doivent retenir que le rem\u00e8de face aux probl\u00e8mes est d\u00e9j\u00e0 trouv\u00e9, c\u2019est J\u00e9sus Christ l\u2019antibiotique\u00a0; entrez en contact avec lui et l\u2019antibiotique spirituel se manifestera dans votre vie, m\u00eame si vous \u00eates malade, m\u00eame si vous avez le sida et d\u2019autres probl\u00e8mes, J\u00e9sus Christ, l\u2019antibiotique original, est pr\u00eat \u00e0 vous gu\u00e9rir, nous vivons le temps des miracles, ne soyez pas d\u00e9sesp\u00e9r\u00e9s, ayez seulement la foi et vous serez gu\u00e9ris. Que Dieu b\u00e9nisse tous ceux qui sont en Afrique du Sud, mon \u00e9glise Yaweh Shammah , et surtout votre journal afriquechos.ch<\/p>\n<p class=\"spip\">Source <\/p>\n<p class=\"spip\"><a href=\"http:\/\/www.afriquechos.ch\/spip.php?article4529\" title=\"www.afriquechos.ch\">Afriquechos.ch<\/a><\/p>\n<\/td>\n<\/tr>\n<\/tbody>\n<\/table>\n<!-- AddThis Advanced Settings generic via filter on the_content --><!-- AddThis Share Buttons generic via filter on the_content -->","protected":false},"excerpt":{"rendered":"<p>Install\u00e9 en Afrique du Sud o\u00f9 sa musique est tr\u00e8s \u00e9cout\u00e9e par la diaspora congolaise,&#8230;<!-- AddThis Advanced Settings generic via filter on get_the_excerpt --><!-- AddThis Share Buttons generic via filter on get_the_excerpt --><\/p>\n","protected":false},"author":1,"featured_media":362,"comment_status":"open","ping_status":"open","sticky":false,"template":"","format":"standard","meta":[],"categories":[8],"tags":[],"_links":{"self":[{"href":"https:\/\/amagep.co.za\/fr\/wp-json\/wp\/v2\/posts\/363"}],"collection":[{"href":"https:\/\/amagep.co.za\/fr\/wp-json\/wp\/v2\/posts"}],"about":[{"href":"https:\/\/amagep.co.za\/fr\/wp-json\/wp\/v2\/types\/post"}],"author":[{"embeddable":true,"href":"https:\/\/amagep.co.za\/fr\/wp-json\/wp\/v2\/users\/1"}],"replies":[{"embeddable":true,"href":"https:\/\/amagep.co.za\/fr\/wp-json\/wp\/v2\/comments?post=363"}],"version-history":[{"count":0,"href":"https:\/\/amagep.co.za\/fr\/wp-json\/wp\/v2\/posts\/363\/revisions"}],"wp:featuredmedia":[{"embeddable":true,"href":"https:\/\/amagep.co.za\/fr\/wp-json\/wp\/v2\/media\/362"}],"wp:attachment":[{"href":"https:\/\/amagep.co.za\/fr\/wp-json\/wp\/v2\/media?parent=363"}],"wp:term":[{"taxonomy":"category","embeddable":true,"href":"https:\/\/amagep.co.za\/fr\/wp-json\/wp\/v2\/categories?post=363"},{"taxonomy":"post_tag","embeddable":true,"href":"https:\/\/amagep.co.za\/fr\/wp-json\/wp\/v2\/tags?post=363"}],"curies":[{"name":"wp","href":"https:\/\/api.w.org\/{rel}","templated":true}]}}