{"id":360,"date":"2010-02-15T07:57:36","date_gmt":"2010-02-15T07:57:36","guid":{"rendered":"https:\/\/amagep.co.za\/fr\/2010\/02\/15\/le-40eme-anniversaire-de-zaiko-langa-langa-incorpore-dans-les-pre-evenements-de-la-coupe-du-monde-20\/"},"modified":"2010-02-15T07:57:36","modified_gmt":"2010-02-15T07:57:36","slug":"le-40eme-anniversaire-de-zaiko-langa-langa-incorpore-dans-les-pre-evenements-de-la-coupe-du-monde-20","status":"publish","type":"post","link":"https:\/\/amagep.co.za\/fr\/le-40eme-anniversaire-de-zaiko-langa-langa-incorpore-dans-les-pre-evenements-de-la-coupe-du-monde-20\/","title":{"rendered":"Le 40eme anniversaire de Zaiko Langa Langa incorpore dans les pre-evenements de la Coupe du Monde 20"},"content":{"rendered":"<p><!--  \/* Font Definitions *\/  @font-face \t{font-family:\"Cambria Math\"; \tpanose-1:2 4 5 3 5 4 6 3 2 4; \tmso-font-charset:0; \tmso-generic-font-family:roman; \tmso-font-pitch:variable; \tmso-font-signature:-1610611985 1107304683 0 0 159 0;} @font-face \t{font-family:\"Liberation Serif\"; \tpanose-1:0 0 0 0 0 0 0 0 0 0; \tmso-font-charset:0; \tmso-generic-font-family:roman; \tmso-font-format:other; \tmso-font-pitch:auto; \tmso-font-signature:3 0 0 0 1 0;}  \/* Style Definitions *\/  p.MsoNormal, li.MsoNormal, div.MsoNormal \t{mso-style-unhide:no; \tmso-style-qformat:yes; \tmso-style-parent:\"\"; \tmargin:0in; \tmargin-bottom:.0001pt; \tmso-pagination:widow-orphan; \tfont-size:12.0pt; \tfont-family:\"Times New Roman\",\"serif\"; \tmso-fareast-font-family:\"Times New Roman\";} .MsoChpDefault \t{mso-style-type:export-only; \tmso-default-props:yes; \tfont-size:10.0pt; \tmso-ansi-font-size:10.0pt; \tmso-bidi-font-size:10.0pt;} @page Section1 \t{size:8.5in 11.0in; \tmargin:1.0in 1.0in 1.0in 1.0in; \tmso-header-margin:.5in; \tmso-footer-margin:.5in; \tmso-paper-source:0;} div.Section1 \t{page:Section1;} --><\/p>\n<p style=\"text-align: justify\" class=\"MsoNormal\"><img loading=\"lazy\" class=\" size-full wp-image-178\" src=\"https:\/\/amagep.co.za\/fr\/wp-content\/uploads\/2009\/04\/salon_17avril_09_144-01.jpg\" border=\"0\" width=\"400\" height=\"300\" \/><\/p>\n<p style=\"text-align: justify\" class=\"MsoNormal\"><span style=\"font-family: 'Liberation Serif','serif'\">En date du 11 juin 2010 l\u2019Afrique va f\u00eater pour la premi\u00e8re dans l\u2019histoire du continent le lancement de la Coupe du Monde de football. Cet \u00e9v\u00e9nement de grande taille se d\u00e9roulera en R\u00e9publique d\u2019Afrique du Sud.<\/span><\/p>\n<p> <!--more--> <span style=\"font-family: 'Liberation Serif','serif'\">Plusieurs touristes venant du monde entier sont donc attendus au pays de Mandela. 32 \u00e9quipes du monde entier y participeront et la nation Arc-en-ciel attend des autres pays d\u2019Afrique une collaboration sinc\u00e8re et effective. Au cours des rencontres qui ont r\u00e9unis les leaders des pays de la Communaut\u00e9 D\u00e9veloppement des Pays d\u2019Afrique Australe (SADC), les dirigeants sud africains voudraient voir les autres nations offrir aussi leurs services pour la r\u00e9ussite de la coupe du monde.\u00a0<\/span> <\/p>\n<p><span style=\"font-family: 'Liberation Serif','serif'\">En 1974, alors que la R\u00e9publique D\u00e9mocratique du Congo (Ex-Zaire) organisaient le combat de boxe poids lourd entre les deux grands am\u00e9ricains Mohammed Ali (Casius Clay) et Foreman, plusieurs artistes du continent ont \u00e9t\u00e9 invites \u00e0 y offrir l\u2019apport de leur art. Miriam Makeba mama Africa de la RSA a donne ses prestations aux cotes de James Brown, Zaiko Langa Langa, Ok Jazz et tant d\u2019autres. La R\u00e9publique D\u00e9mocratique du Congo \u00e9tant disqualifi\u00e9e de la Coupe, la meilleure contribution du pays est maintenant un apport culturel. Cela est une grande co\u00efncidence lorsque le groupe embl\u00e9matique Zaiko Langa Langa Nkolo Mboka fete ses 40 ans d\u2019existence. Cette formation musicale est n\u00e9e un certain 24 D\u00e9cembre 1969 \u00e0 Kinshasa et a eu a donner son premier concert officiel en mars 1970. <\/span><\/p>\n<p style=\"text-align: justify\" class=\"MsoNormal\"><span style=\"font-family: 'Liberation Serif','serif'\">Zaiko de par sa signification Zaire ya ba Nkoko (ZAIKO) est ne comme premier groupe des jeunes talents en R\u00e9publique D\u00e9mocratique du Congo apr\u00e8s les ind\u00e9pendances. C\u2019\u00e9tait donc une p\u00e9riode a laquelle la musique repoussait sur les figures comme Wendo Kolossoy, Grand Kalle, Lwambo Makiadi, Tabuley Rochereau. Jouant au rythme typique jusqu&rsquo;\u00e0 donner naissance a tout un clan musical dont les ramifications sont Viva la Musica, Langa Langa Stars, Victoria, Wenge Musica jusqu\u2019au rythme Kwasa Kwasa bien connu en Afrique australe. Zaiko est donc la m\u00e8re du style Ngwasuma congolais avec dans son histoire tout un r\u00e9pertoire d\u2019innovation.<\/span><\/p>\n<p style=\"text-align: justify\" class=\"MsoNormal\"><span style=\"font-family: 'Liberation Serif','serif'\">Gardant toujours \u00e0 sa t\u00eate Jossart Nyoka Longo, le groupe musical Zaiko Langa Langa a fait le beau temps de la musique congolaise en Afrique, en Europe, Asie et en Am\u00e9rique.<\/span><\/p>\n<p style=\"text-align: justify\" class=\"MsoNormal\"><span style=\"font-family: 'Liberation Serif','serif'\">Zaiko a eu un d\u00e9but similaire \u00e0 l\u2019orchestre m\u00e8re du zouk antillais Tabou Combo et Zaiko a 10 ans de plus que Kassav de Jacob Desvarieux, Jocelyne, Claude Naimiro et Cie.<\/span><\/p>\n<p style=\"text-align: justify\" class=\"MsoNormal\"><span style=\"font-family: 'Liberation Serif','serif'\">Cet anniversaire de Zaiko concerne d\u2019abord la c\u00e9l\u00e9bration des bons moments et la grande contribution de ce groupe dans la culture congolaise en particulier et Africaine en g\u00e9n\u00e9ral. Les anciens de Zaiko seront invites a composer cette ambiance avec le groupe qui vient de reprendre les concerts et r\u00e9p\u00e9titions dans la deuxi\u00e8me moitie du 2009 apr\u00e8s une p\u00e9riode de 7 ans d\u2019absence de son pr\u00e9sident Jossart Nyoka Longo au pays. Ce 40eme anniversaire permettra de retrouver Pepe Felly Manuaku, Papa Wemba, Mavuela, Gina Ifonge, Bozi Boziana, Evoloko Joker, Bimi Ombale, Ilo Pablo, Meri Djo, Jeje Mangaya et tant d\u2019autres encore qui dans la plupart sont patrons d\u2019autres groupes musicaux. Il sera donc la joie de la communaut\u00e9 africaine de chanter et danser la belle \u00e9poque de cette musique qui a \u00e9volue et \u00e9merge comme le zouk l\u2019est aux antilles.<\/span><\/p>\n<p style=\"text-align: justify\" class=\"MsoNormal\"><span style=\"font-family: 'Liberation Serif','serif'\">Le public Sud africain, la diaspora congolaise et les autres communaut\u00e9s africaines sont les bienvenues dans la s\u00e9rie des concerts que Zaiko va livrer en R\u00e9publique d\u2019Afrique du Sud tout prochainement. Ce sera l\u2019occasion pour les g\u00e9n\u00e9rations pr\u00e9sentes de go\u00fbter a la force de ce groupe que d\u2019aucun d\u00e9clarent \u00ab\u00a0Patrimoine National Congolais\u00a0\u00bb. Se souvenant des albums Avis de recherche, Poisson et tant d\u2019autres, le public pourra vibrer au rythme du ngwasuma noble et classique. Les anglophones, francophones et lingalophones se retrouveront tous dans la joie de l\u2019art de bien et agr\u00e9ablement combiner le son jusqu&rsquo;\u00e0 atteindre les c\u0153urs des auditeurs.<\/span><\/p>\n<p style=\"text-align: justify\" class=\"MsoNormal\"><span>Comment r\u00e9ussir cet \u00e9v\u00e9nement\u00a0? Cette question ne peut trouver la r\u00e9ponse que dans l\u2019engagement du Gouvernement Congolais en profitant de cette occasion de mani\u00e8re s\u00e9rieuse par l\u2019entremise du minist\u00e8re de la culture et art et du minist\u00e8re des affaires r\u00e9gionales, la Pr\u00e9sidence de la R\u00e9publique, les Soci\u00e9t\u00e9s en place au Congo et en Afrique du sud, les personnes de bonne volont\u00e9 et les media se mobilisent pour donner la valeur a ce souci des personnes limit\u00e9es pourtant en moyens.<\/span><\/p>\n<p style=\"text-align: justify\" class=\"MsoNormal\">Source\u00a0<\/p>\n<p style=\"text-align: justify\" class=\"MsoNormal\"><a href=\"http:\/\/www.thestar.co.za\/\" title=\"www.thestar.co.za\">THESTAR.CO.ZA\/ADF<\/a><\/p>\n<p style=\"text-align: justify\" class=\"MsoNormal\"><a href=\"http:\/\/www.adf.org.za\/\" title=\"www.adf.org.za\">ADF.ORG.ZA<\/a><\/p>\n<p style=\"text-align: justify\" class=\"MsoNormal\"><a href=\"http:\/\/www.adf.org.za\/\" title=\"www.adf.org.za\"><\/a><\/p>\n<p style=\"text-align: justify\" class=\"MsoNormal\">&nbsp;<\/p>\n<p style=\"text-align: justify\" class=\"MsoNormal\">&nbsp;<\/p>\n<p style=\"text-align: justify\" class=\"MsoNormal\">&nbsp;<\/p>\n<p style=\"text-align: justify\" class=\"MsoNormal\">&nbsp;<\/p>\n<p style=\"text-align: justify\" class=\"MsoNormal\">&nbsp;<\/p>\n<p style=\"text-align: justify\" class=\"MsoNormal\">&nbsp;<\/p>\n<!-- AddThis Advanced Settings generic via filter on the_content --><!-- AddThis Share Buttons generic via filter on the_content -->","protected":false},"excerpt":{"rendered":"<p>En date du 11 juin 2010 l\u2019Afrique va f\u00eater pour la premi\u00e8re dans l\u2019histoire du&#8230;<!-- AddThis Advanced Settings generic via filter on get_the_excerpt --><!-- AddThis Share Buttons generic via filter on get_the_excerpt --><\/p>\n","protected":false},"author":1,"featured_media":178,"comment_status":"open","ping_status":"open","sticky":false,"template":"","format":"standard","meta":[],"categories":[8],"tags":[],"_links":{"self":[{"href":"https:\/\/amagep.co.za\/fr\/wp-json\/wp\/v2\/posts\/360"}],"collection":[{"href":"https:\/\/amagep.co.za\/fr\/wp-json\/wp\/v2\/posts"}],"about":[{"href":"https:\/\/amagep.co.za\/fr\/wp-json\/wp\/v2\/types\/post"}],"author":[{"embeddable":true,"href":"https:\/\/amagep.co.za\/fr\/wp-json\/wp\/v2\/users\/1"}],"replies":[{"embeddable":true,"href":"https:\/\/amagep.co.za\/fr\/wp-json\/wp\/v2\/comments?post=360"}],"version-history":[{"count":0,"href":"https:\/\/amagep.co.za\/fr\/wp-json\/wp\/v2\/posts\/360\/revisions"}],"wp:featuredmedia":[{"embeddable":true,"href":"https:\/\/amagep.co.za\/fr\/wp-json\/wp\/v2\/media\/178"}],"wp:attachment":[{"href":"https:\/\/amagep.co.za\/fr\/wp-json\/wp\/v2\/media?parent=360"}],"wp:term":[{"taxonomy":"category","embeddable":true,"href":"https:\/\/amagep.co.za\/fr\/wp-json\/wp\/v2\/categories?post=360"},{"taxonomy":"post_tag","embeddable":true,"href":"https:\/\/amagep.co.za\/fr\/wp-json\/wp\/v2\/tags?post=360"}],"curies":[{"name":"wp","href":"https:\/\/api.w.org\/{rel}","templated":true}]}}