{"id":353,"date":"2010-01-11T09:02:37","date_gmt":"2010-01-11T09:02:37","guid":{"rendered":"https:\/\/amagep.co.za\/fr\/2010\/01\/11\/le-diacre-jean-marie-kuzituka-didho-sera-le-premier-francophone-a-etre-ordonne-pretre-dans-le-dioc\/"},"modified":"2010-01-11T09:02:37","modified_gmt":"2010-01-11T09:02:37","slug":"le-diacre-jean-marie-kuzituka-didho-sera-le-premier-francophone-a-etre-ordonne-pretre-dans-le-dioc","status":"publish","type":"post","link":"https:\/\/amagep.co.za\/fr\/le-diacre-jean-marie-kuzituka-didho-sera-le-premier-francophone-a-etre-ordonne-pretre-dans-le-dioc\/","title":{"rendered":"Le Diacre Jean Marie Kuzituka Did&rsquo;ho sera le premier francophone  \u00e0 \u00eatre ordonn\u00e9 pr\u00eatre dans le dioc"},"content":{"rendered":"<p><img loading=\"lazy\" class=\" alignleft size-full wp-image-352\" src=\"https:\/\/amagep.co.za\/fr\/wp-content\/uploads\/2010\/01\/abbe_dido.jpg\" border=\"0\" align=\"left\" width=\"370\" height=\"450\" \/> <\/p>\n<p>&nbsp;<\/p>\n<p>&nbsp;<\/p>\n<p>&nbsp;<\/p>\n<p>&nbsp;<\/p>\n<p>&nbsp;<\/p>\n<p>&nbsp;<\/p>\n<p>&nbsp;<\/p>\n<p>&nbsp;<\/p>\n<p>&nbsp;<\/p>\n<p>&nbsp;<\/p>\n<p>&nbsp;<\/p>\n<p>&nbsp;<\/p>\n<p>&nbsp;<\/p>\n<p>&nbsp;<\/p>\n<p>&nbsp;<\/p>\n<p>&nbsp;<\/p>\n<p>Il est le quatri\u00e8me enfant d&rsquo;une famille de six enfants. Sa vocation au<\/p>\n<p>sacerdoce est quelque chose qu&rsquo;il avait depuis son enfance.<\/p>\n<p> <!--more--> <br \/>\u00a0<\/p>\n<p>Apr\u00e8s l&rsquo;\u00e9cole,<\/p>\n<p>Jean Marie a rejoint le grand s\u00e9minaire au Congo, o\u00f9 il a termin\u00e9 ses<\/p>\n<p>trois ann\u00e9es de formation en philosophie. Il vit en Afrique du Sud depuis plusieurs ann\u00e9es pour \u00e9tudier \u00e0 l&rsquo;Universit\u00e9 de Witwatersrand.<\/p>\n<p>\u00a0<\/p>\n<p>Mgr Jean Marie-Marie est titulaire d&rsquo;un baccalaur\u00e9at en philosophie du<\/p>\n<p>coll\u00e8ge Saint Augustin de Kinshasa affili\u00e9 \u00e0 l&rsquo;Universit\u00e9 Pontificale<\/p>\n<p>Urbaniana \u00e0 Rome. Il d\u00e9tient aussi des dipl\u00f4mes Bachelier en th\u00e9ologie<\/p>\n<p>pastorale et au minist\u00e8re de John Major s\u00e9minaire Vianney \u00e0 Pretoria.<\/p>\n<p>\u00a0<\/p>\n<p>Au cours de ses \u00e9tudes universitaires, le r\u00e9v\u00e9rend Jean Marie<\/p>\n<p>Obtiendra un dipl\u00f4me de baccalaur\u00e9at sp\u00e9cialis\u00e9 et une ma\u00eetrise en<\/p>\n<p>anthropologie sociale.<\/p>\n<p>\u00a0<\/p>\n<p>Alors qu&rsquo;il \u00e9tait \u00e9tudiant \u00e0 l&rsquo;Universit\u00e9 de Wits,<\/p>\n<p>le r\u00e9v\u00e9rend Jean-Marie a assist\u00e9 \u00e0 la paroisse Saint Fran\u00e7ois d&rsquo;Assise en<\/p>\n<p>Yeoville o\u00f9 il a enseign\u00e9 la cat\u00e9ch\u00e8se aux enfants francophones qui se<\/p>\n<p>pr\u00e9parent \u00e0 leur premi\u00e8re communion et confirmation.<\/p>\n<p>\u00a0<\/p>\n<p>En 2005, Mgr Buti Tlhaga a accept\u00e9 de poursuivre sa formation au ministere John<\/p>\n<p>Major s\u00e9minaire Vianney. Diacre Jean Marie sera ordonn\u00e9 pr\u00eatre sacr\u00e9 du<\/p>\n<p>Seigneur J\u00e9sus Christ par la gr\u00e2ce le samedi 23 Janvier 2010 dans la<\/p>\n<p>cath\u00e9drale du Christ-Roi \u00e0 10h00.<\/p>\n<p>\u00a0<\/p>\n<p>Mgr Jean-Marie sera le premier francophone \u00e0 \u00eatre ordonn\u00e9<\/p>\n<p>pr\u00eatre dans le dioc\u00e8se de Johannesburg. Il exerce<\/p>\n<p>actuellement son minist\u00e8re diaconal \u00e0 Mohlakeng, Notre-Dame d&rsquo;Afrique de<\/p>\n<p>paroisse dans le West-Rand doyenn\u00e9.<\/p>\n<p>\u00a0<\/p>\n<p>\u00a0<\/p>\n<p>&nbsp;<\/p>\n<!-- AddThis Advanced Settings generic via filter on the_content --><!-- AddThis Share Buttons generic via filter on the_content -->","protected":false},"excerpt":{"rendered":"<p>&nbsp; &nbsp; &nbsp; &nbsp; &nbsp; &nbsp; &nbsp; &nbsp; &nbsp; &nbsp; &nbsp; &nbsp; &nbsp; &nbsp; &nbsp;&#8230;<!-- AddThis Advanced Settings generic via filter on get_the_excerpt --><!-- AddThis Share Buttons generic via filter on get_the_excerpt --><\/p>\n","protected":false},"author":1,"featured_media":352,"comment_status":"open","ping_status":"open","sticky":false,"template":"","format":"standard","meta":[],"categories":[9],"tags":[],"_links":{"self":[{"href":"https:\/\/amagep.co.za\/fr\/wp-json\/wp\/v2\/posts\/353"}],"collection":[{"href":"https:\/\/amagep.co.za\/fr\/wp-json\/wp\/v2\/posts"}],"about":[{"href":"https:\/\/amagep.co.za\/fr\/wp-json\/wp\/v2\/types\/post"}],"author":[{"embeddable":true,"href":"https:\/\/amagep.co.za\/fr\/wp-json\/wp\/v2\/users\/1"}],"replies":[{"embeddable":true,"href":"https:\/\/amagep.co.za\/fr\/wp-json\/wp\/v2\/comments?post=353"}],"version-history":[{"count":0,"href":"https:\/\/amagep.co.za\/fr\/wp-json\/wp\/v2\/posts\/353\/revisions"}],"wp:featuredmedia":[{"embeddable":true,"href":"https:\/\/amagep.co.za\/fr\/wp-json\/wp\/v2\/media\/352"}],"wp:attachment":[{"href":"https:\/\/amagep.co.za\/fr\/wp-json\/wp\/v2\/media?parent=353"}],"wp:term":[{"taxonomy":"category","embeddable":true,"href":"https:\/\/amagep.co.za\/fr\/wp-json\/wp\/v2\/categories?post=353"},{"taxonomy":"post_tag","embeddable":true,"href":"https:\/\/amagep.co.za\/fr\/wp-json\/wp\/v2\/tags?post=353"}],"curies":[{"name":"wp","href":"https:\/\/api.w.org\/{rel}","templated":true}]}}